{"id":837,"date":"2014-03-30T18:48:45","date_gmt":"2014-03-30T18:48:45","guid":{"rendered":"https:\/\/ldv.edu.ar\/wps\/?p=837"},"modified":"2014-04-27T19:01:25","modified_gmt":"2014-04-27T19:01:25","slug":"charla-sobre-mediacion","status":"publish","type":"post","link":"https:\/\/ldv.edu.ar\/wps\/charla-sobre-mediacion\/","title":{"rendered":"Charla sobre Mediaci\u00f3n"},"content":{"rendered":"<p>Edith Palandri, profesora del Curso de Mediaci\u00f3n que realiza en la\u00a0<a href=\"https:\/\/www.facebook.com\/fundacionleonardodavinci\" data-hovercard=\"\/ajax\/hovercard\/page.php?id=202153353239694\">Fundaci\u00f3n Leonardo Da Vinci<\/a>\u00a0brind\u00f3 una charla informativa en\u00a0<a href=\"https:\/\/www.facebook.com\/pages\/Letras-con-Caf%C3%A9\/156839714494151\" data-hovercard=\"\/ajax\/hovercard\/page.php?id=156839714494151\">Letras con Caf\u00e9<\/a>\u00a0donde brind\u00f3 todos los datos y requisitos para quienes est\u00e9n interesados en el cursado del mismo.<\/p>\n<p><a href=\"https:\/\/www.facebook.com\/media\/set\/?set=a.536703556451337.1073741907.202153353239694&amp;type=1\" target=\"_blank\">Mir\u00e1 las im\u00e1genes de la charla de Mediaci\u00f3n<\/a><\/p>\n<div id='gallery-1' class='gallery galleryid-837 gallery-columns-3 gallery-size-thumbnail'><figure class='gallery-item'>\n\t\t\t<div class='gallery-icon landscape'>\n\t\t\t\t<a href='https:\/\/ldv.edu.ar\/wps\/charla-sobre-mediacion\/dsc_0085\/'><img loading=\"lazy\" decoding=\"async\" width=\"150\" height=\"150\" src=\"https:\/\/ldv.edu.ar\/wps\/wp-content\/uploads\/2014\/03\/DSC_0085-150x150.jpg\" class=\"attachment-thumbnail size-thumbnail\" alt=\"\" \/><\/a>\n\t\t\t<\/div><\/figure><figure class='gallery-item'>\n\t\t\t<div class='gallery-icon landscape'>\n\t\t\t\t<a href='https:\/\/ldv.edu.ar\/wps\/charla-sobre-mediacion\/dsc_0095\/'><img loading=\"lazy\" decoding=\"async\" width=\"150\" height=\"150\" src=\"https:\/\/ldv.edu.ar\/wps\/wp-content\/uploads\/2014\/03\/DSC_0095-150x150.jpg\" class=\"attachment-thumbnail size-thumbnail\" alt=\"\" \/><\/a>\n\t\t\t<\/div><\/figure><figure class='gallery-item'>\n\t\t\t<div class='gallery-icon landscape'>\n\t\t\t\t<a href='https:\/\/ldv.edu.ar\/wps\/charla-sobre-mediacion\/dsc_0099\/'><img loading=\"lazy\" decoding=\"async\" width=\"150\" height=\"150\" src=\"https:\/\/ldv.edu.ar\/wps\/wp-content\/uploads\/2014\/03\/DSC_0099-150x150.jpg\" class=\"attachment-thumbnail size-thumbnail\" alt=\"\" \/><\/a>\n\t\t\t<\/div><\/figure><figure class='gallery-item'>\n\t\t\t<div class='gallery-icon landscape'>\n\t\t\t\t<a href='https:\/\/ldv.edu.ar\/wps\/charla-sobre-mediacion\/dsc_0102\/'><img loading=\"lazy\" decoding=\"async\" width=\"150\" height=\"150\" src=\"https:\/\/ldv.edu.ar\/wps\/wp-content\/uploads\/2014\/03\/DSC_0102-150x150.jpg\" class=\"attachment-thumbnail size-thumbnail\" alt=\"\" \/><\/a>\n\t\t\t<\/div><\/figure>\n\t\t<\/div>\n\n","protected":false},"excerpt":{"rendered":"<p>Edith Palandri, profesora del Curso de Mediaci\u00f3n que realiza en la\u00a0Fundaci\u00f3n Leonardo Da Vinci\u00a0brind\u00f3 una charla informativa en\u00a0Letras con Caf\u00e9\u00a0donde brind\u00f3 todos los datos y requisitos para quienes est\u00e9n interesados en el cursado del mismo. Mir\u00e1 las im\u00e1genes de la charla de Mediaci\u00f3n<\/p>\n","protected":false},"author":1,"featured_media":838,"comment_status":"closed","ping_status":"closed","sticky":false,"template":"","format":"standard","meta":{"footnotes":""},"categories":[16],"tags":[151,26,18],"_links":{"self":[{"href":"https:\/\/ldv.edu.ar\/wps\/wp-json\/wp\/v2\/posts\/837"}],"collection":[{"href":"https:\/\/ldv.edu.ar\/wps\/wp-json\/wp\/v2\/posts"}],"about":[{"href":"https:\/\/ldv.edu.ar\/wps\/wp-json\/wp\/v2\/types\/post"}],"author":[{"embeddable":true,"href":"https:\/\/ldv.edu.ar\/wps\/wp-json\/wp\/v2\/users\/1"}],"replies":[{"embeddable":true,"href":"https:\/\/ldv.edu.ar\/wps\/wp-json\/wp\/v2\/comments?post=837"}],"version-history":[{"count":6,"href":"https:\/\/ldv.edu.ar\/wps\/wp-json\/wp\/v2\/posts\/837\/revisions"}],"predecessor-version":[{"id":848,"href":"https:\/\/ldv.edu.ar\/wps\/wp-json\/wp\/v2\/posts\/837\/revisions\/848"}],"wp:featuredmedia":[{"embeddable":true,"href":"https:\/\/ldv.edu.ar\/wps\/wp-json\/wp\/v2\/media\/838"}],"wp:attachment":[{"href":"https:\/\/ldv.edu.ar\/wps\/wp-json\/wp\/v2\/media?parent=837"}],"wp:term":[{"taxonomy":"category","embeddable":true,"href":"https:\/\/ldv.edu.ar\/wps\/wp-json\/wp\/v2\/categories?post=837"},{"taxonomy":"post_tag","embeddable":true,"href":"https:\/\/ldv.edu.ar\/wps\/wp-json\/wp\/v2\/tags?post=837"}],"curies":[{"name":"wp","href":"https:\/\/api.w.org\/{rel}","templated":true}]}}