{"id":391,"date":"2013-09-05T04:15:41","date_gmt":"2013-09-05T04:15:41","guid":{"rendered":"https:\/\/ldv.edu.ar\/wps\/?p=391"},"modified":"2013-10-15T04:17:30","modified_gmt":"2013-10-15T04:17:30","slug":"premiaron-a-jovenes-destacados-en-la-feria-de-ciencia","status":"publish","type":"post","link":"https:\/\/ldv.edu.ar\/wps\/premiaron-a-jovenes-destacados-en-la-feria-de-ciencia\/","title":{"rendered":"Premiaron a j\u00f3venes destacados en la Feria de Ciencia"},"content":{"rendered":"<p>La Fundaci\u00f3n Leonardo Da Vinci premi\u00f3 a los j\u00f3venes que presentaron trabajos en el marco de la Feria de Ciencia y Tecnolog\u00eda. El evento junt\u00f3 todos los logros educativos-tecnol\u00f3gicos conseguidos por los tres niveles de la Instituci\u00f3n y escuelas de la ciudad a lo largo de este ciclo lectivo.<\/p>\n<p>La Feria de Ciencia y Tecnolog\u00eda es una actividad compleja, comienza con el inicio del ciclo lectivo y todas las \u00e1reas de la ense\u00f1anza se pueden conjugar para un \u00f3ptimo desarrollo del trabajo ferial, pero, principalmente, en un \u00f3ptimo aprendizaje integral de los estudiantes. Es as\u00ed que se ha observado que cuando un trabajo ferial es apropiado por la instituci\u00f3n, los docentes de las diferentes \u00e1reas pueden contribuir activamente en la generaci\u00f3n, concreci\u00f3n, presentaci\u00f3n y exposici\u00f3n de un trabajo, el cual re\u00fane, nada m\u00e1s y nada menos, los pasos de un trabajo de investigaci\u00f3n cient\u00edfica o de desarrollo tecnol\u00f3gico.<\/p>\n<p>La Feria de Ciencia y Tecnolog\u00eda se trata de una propuesta de trabajo concreta que debe contar con el acompa\u00f1amiento necesario durante todo el proceso, y finaliza con la exposici\u00f3n p\u00fablica de los resultados de una investigaci\u00f3n, promocionando la apropiaci\u00f3n social del conocimiento cient\u00edfico \u2013 tecnol\u00f3gico, y abriendo las escuelas a la comunidad para demostrar que la ciencia y la tecnolog\u00eda no es un conocimiento de elite accesible para pocos.\u00a0<a href=\"https:\/\/ldv.edu.ar\/wps\/wp-content\/uploads\/2013\/10\/1237133_426995377422156_648913496_n.jpg\"><img loading=\"lazy\" decoding=\"async\" class=\"alignright size-medium wp-image-392\" alt=\"1237133_426995377422156_648913496_n\" src=\"https:\/\/ldv.edu.ar\/wps\/wp-content\/uploads\/2013\/10\/1237133_426995377422156_648913496_n-300x200.jpg\" width=\"300\" height=\"200\" srcset=\"https:\/\/ldv.edu.ar\/wps\/wp-content\/uploads\/2013\/10\/1237133_426995377422156_648913496_n-300x200.jpg 300w, https:\/\/ldv.edu.ar\/wps\/wp-content\/uploads\/2013\/10\/1237133_426995377422156_648913496_n.jpg 960w\" sizes=\"(max-width: 300px) 100vw, 300px\" \/><\/a><\/p>\n<p>Participaron el Colegio San Ignacio, el Instituto 24 de Septiembre de Achiras, la Escuela Manuel Belgrano (nivel primario), la Escuela de Agronom\u00eda y el Instituto de Ense\u00f1anza Superior Leonardo Da Vinci, por supuesto. Los trabajos premiados fueron los que m\u00e1s se destacaron de las \u00e1reas de Ciencias Sociales y Ciencias Naturales y correspondieron a las escuelas 24 de Septiembre, Agronom\u00eda y Leonardo Da Vinci. Mientras el Manuel Belgrano recibi\u00f3 una menci\u00f3n especial.<\/p>\n<p>Adem\u00e1s, en la jornada de este jueves se present\u00f3 el Robot Lector. Se trata de un invento que da vueltas las p\u00e1ginas de libros y revistas de manera autom\u00e1tica facilitando la lectura. La nueva creaci\u00f3n estuvo a cargo del T\u00e9cnico Superior en Electr\u00f3nica Gustavo Gambetta, quien construy\u00f3 y diagram\u00f3 al robot lector. Este aparato asistir\u00e1 a los lectores ya que su funci\u00f3n principal es conservar textos de valor o incunables, \u201cpero lo bueno es que al democratizar su uso, cualquiera puede utilizarlo\u201d, inform\u00f3 Pedruzzi.<\/p>\n<p>La jornada culmin\u00f3 un show de bandas musicales a cargo de j\u00f3venes del Leonardo Da Vinci y de otras instituciones educativas de la ciudad.<\/p>\n<p>&nbsp;<\/p>\n<p><a href=\"https:\/\/www.facebook.com\/media\/set\/?set=a.426993220755705.1073741865.202153353239694&amp;type=1&amp;l=cf4d0d8611\"><strong>Mir\u00e1 las im\u00e1genes de la Feria de la Ciencia y Tecnolog\u00eda<\/strong><\/a><\/p>\n","protected":false},"excerpt":{"rendered":"<p>La Fundaci\u00f3n Leonardo Da Vinci premi\u00f3 a los j\u00f3venes que presentaron trabajos en el marco de la Feria de Ciencia y Tecnolog\u00eda. El evento junt\u00f3 todos los logros educativos-tecnol\u00f3gicos conseguidos por los tres niveles de la Instituci\u00f3n y escuelas de la ciudad a lo largo de este ciclo lectivo. La Feria de Ciencia y Tecnolog\u00eda [&hellip;]<\/p>\n","protected":false},"author":1,"featured_media":393,"comment_status":"closed","ping_status":"closed","sticky":false,"template":"","format":"standard","meta":{"footnotes":""},"categories":[16],"tags":[95,92,91,8,39,26,93,94,66,40],"_links":{"self":[{"href":"https:\/\/ldv.edu.ar\/wps\/wp-json\/wp\/v2\/posts\/391"}],"collection":[{"href":"https:\/\/ldv.edu.ar\/wps\/wp-json\/wp\/v2\/posts"}],"about":[{"href":"https:\/\/ldv.edu.ar\/wps\/wp-json\/wp\/v2\/types\/post"}],"author":[{"embeddable":true,"href":"https:\/\/ldv.edu.ar\/wps\/wp-json\/wp\/v2\/users\/1"}],"replies":[{"embeddable":true,"href":"https:\/\/ldv.edu.ar\/wps\/wp-json\/wp\/v2\/comments?post=391"}],"version-history":[{"count":4,"href":"https:\/\/ldv.edu.ar\/wps\/wp-json\/wp\/v2\/posts\/391\/revisions"}],"predecessor-version":[{"id":397,"href":"https:\/\/ldv.edu.ar\/wps\/wp-json\/wp\/v2\/posts\/391\/revisions\/397"}],"wp:featuredmedia":[{"embeddable":true,"href":"https:\/\/ldv.edu.ar\/wps\/wp-json\/wp\/v2\/media\/393"}],"wp:attachment":[{"href":"https:\/\/ldv.edu.ar\/wps\/wp-json\/wp\/v2\/media?parent=391"}],"wp:term":[{"taxonomy":"category","embeddable":true,"href":"https:\/\/ldv.edu.ar\/wps\/wp-json\/wp\/v2\/categories?post=391"},{"taxonomy":"post_tag","embeddable":true,"href":"https:\/\/ldv.edu.ar\/wps\/wp-json\/wp\/v2\/tags?post=391"}],"curies":[{"name":"wp","href":"https:\/\/api.w.org\/{rel}","templated":true}]}}