{"id":3013,"date":"2024-09-12T01:08:00","date_gmt":"2024-09-12T01:08:00","guid":{"rendered":"https:\/\/ldv.edu.ar\/wps\/?p=3013"},"modified":"2024-10-22T01:09:30","modified_gmt":"2024-10-22T01:09:30","slug":"el-da-vinci-en-la-regional-del-basquet-sub18","status":"publish","type":"post","link":"https:\/\/ldv.edu.ar\/wps\/el-da-vinci-en-la-regional-del-basquet-sub18\/","title":{"rendered":"El Da Vinci en la Regional del B\u00e1squet Sub18"},"content":{"rendered":"\n<p>Felicitaciones al equipo de estudiantes de 4to, 5to y 6to a\u00f1o por su participaci\u00f3n en la instancia regional de b\u00e1squet sub18.<\/p>\n\n\n\n<figure class=\"wp-block-gallery has-nested-images columns-default is-cropped wp-block-gallery-1 is-layout-flex wp-block-gallery-is-layout-flex\">\n<figure class=\"wp-block-image size-large\"><a href=\"https:\/\/ldv.edu.ar\/wps\/wp-content\/uploads\/2024\/10\/459239458_18282832423231924_6484147711847242046_n.jpg\"><img loading=\"lazy\" decoding=\"async\" width=\"960\" height=\"720\" data-id=\"3014\" src=\"https:\/\/ldv.edu.ar\/wps\/wp-content\/uploads\/2024\/10\/459239458_18282832423231924_6484147711847242046_n.jpg\" alt=\"\" class=\"wp-image-3014\" srcset=\"https:\/\/ldv.edu.ar\/wps\/wp-content\/uploads\/2024\/10\/459239458_18282832423231924_6484147711847242046_n.jpg 960w, https:\/\/ldv.edu.ar\/wps\/wp-content\/uploads\/2024\/10\/459239458_18282832423231924_6484147711847242046_n-300x225.jpg 300w, https:\/\/ldv.edu.ar\/wps\/wp-content\/uploads\/2024\/10\/459239458_18282832423231924_6484147711847242046_n-768x576.jpg 768w\" sizes=\"(max-width: 960px) 100vw, 960px\" \/><\/a><\/figure>\n\n\n\n<figure class=\"wp-block-image size-large\"><a href=\"https:\/\/ldv.edu.ar\/wps\/wp-content\/uploads\/2024\/10\/459035800_18282832432231924_3200074632615101741_n.jpg\"><img loading=\"lazy\" decoding=\"async\" width=\"960\" height=\"720\" data-id=\"3015\" src=\"https:\/\/ldv.edu.ar\/wps\/wp-content\/uploads\/2024\/10\/459035800_18282832432231924_3200074632615101741_n.jpg\" alt=\"\" class=\"wp-image-3015\" srcset=\"https:\/\/ldv.edu.ar\/wps\/wp-content\/uploads\/2024\/10\/459035800_18282832432231924_3200074632615101741_n.jpg 960w, https:\/\/ldv.edu.ar\/wps\/wp-content\/uploads\/2024\/10\/459035800_18282832432231924_3200074632615101741_n-300x225.jpg 300w, https:\/\/ldv.edu.ar\/wps\/wp-content\/uploads\/2024\/10\/459035800_18282832432231924_3200074632615101741_n-768x576.jpg 768w\" sizes=\"(max-width: 960px) 100vw, 960px\" \/><\/a><\/figure>\n\n\n\n<figure class=\"wp-block-image size-large\"><a href=\"https:\/\/ldv.edu.ar\/wps\/wp-content\/uploads\/2024\/10\/459577249_18282832450231924_8917438015113466305_n.jpg\"><img loading=\"lazy\" decoding=\"async\" width=\"964\" height=\"726\" data-id=\"3016\" src=\"https:\/\/ldv.edu.ar\/wps\/wp-content\/uploads\/2024\/10\/459577249_18282832450231924_8917438015113466305_n.jpg\" alt=\"\" class=\"wp-image-3016\" srcset=\"https:\/\/ldv.edu.ar\/wps\/wp-content\/uploads\/2024\/10\/459577249_18282832450231924_8917438015113466305_n.jpg 964w, https:\/\/ldv.edu.ar\/wps\/wp-content\/uploads\/2024\/10\/459577249_18282832450231924_8917438015113466305_n-300x226.jpg 300w, https:\/\/ldv.edu.ar\/wps\/wp-content\/uploads\/2024\/10\/459577249_18282832450231924_8917438015113466305_n-768x578.jpg 768w\" sizes=\"(max-width: 964px) 100vw, 964px\" \/><\/a><\/figure>\n<\/figure>\n\n\n\n<p>Los deportistas fueron alentados por el grupo de estudiantes de 5to a\u00f1o.<\/p>\n\n\n\n<p>Los alentamos a seguir teniendo el deporte como opci\u00f3n y horizonte en sus vidas.<\/p>\n","protected":false},"excerpt":{"rendered":"<p>Los estudiantes de 4to, 5to y 6to a\u00f1o participaron de esta instancia de b\u00e1squet a nivel regional, <\/p>\n","protected":false},"author":1,"featured_media":3016,"comment_status":"closed","ping_status":"closed","sticky":true,"template":"","format":"standard","meta":{"footnotes":""},"categories":[524,190],"tags":[542,7,541],"_links":{"self":[{"href":"https:\/\/ldv.edu.ar\/wps\/wp-json\/wp\/v2\/posts\/3013"}],"collection":[{"href":"https:\/\/ldv.edu.ar\/wps\/wp-json\/wp\/v2\/posts"}],"about":[{"href":"https:\/\/ldv.edu.ar\/wps\/wp-json\/wp\/v2\/types\/post"}],"author":[{"embeddable":true,"href":"https:\/\/ldv.edu.ar\/wps\/wp-json\/wp\/v2\/users\/1"}],"replies":[{"embeddable":true,"href":"https:\/\/ldv.edu.ar\/wps\/wp-json\/wp\/v2\/comments?post=3013"}],"version-history":[{"count":1,"href":"https:\/\/ldv.edu.ar\/wps\/wp-json\/wp\/v2\/posts\/3013\/revisions"}],"predecessor-version":[{"id":3017,"href":"https:\/\/ldv.edu.ar\/wps\/wp-json\/wp\/v2\/posts\/3013\/revisions\/3017"}],"wp:featuredmedia":[{"embeddable":true,"href":"https:\/\/ldv.edu.ar\/wps\/wp-json\/wp\/v2\/media\/3016"}],"wp:attachment":[{"href":"https:\/\/ldv.edu.ar\/wps\/wp-json\/wp\/v2\/media?parent=3013"}],"wp:term":[{"taxonomy":"category","embeddable":true,"href":"https:\/\/ldv.edu.ar\/wps\/wp-json\/wp\/v2\/categories?post=3013"},{"taxonomy":"post_tag","embeddable":true,"href":"https:\/\/ldv.edu.ar\/wps\/wp-json\/wp\/v2\/tags?post=3013"}],"curies":[{"name":"wp","href":"https:\/\/api.w.org\/{rel}","templated":true}]}}