{"id":299,"date":"2013-10-09T20:43:26","date_gmt":"2013-10-09T20:43:26","guid":{"rendered":"https:\/\/ldv.edu.ar\/wps\/?p=299"},"modified":"2013-10-28T18:56:13","modified_gmt":"2013-10-28T18:56:13","slug":"la-fundacion-leonardo-da-vinci-en-la-feria-del-libro","status":"publish","type":"post","link":"https:\/\/ldv.edu.ar\/wps\/la-fundacion-leonardo-da-vinci-en-la-feria-del-libro\/","title":{"rendered":"La Fundaci\u00f3n Leonardo Da Vinci en la Feria del Libro"},"content":{"rendered":"<p>La Novena Feria del Libro dio inicio en la gran carpa enclavada en la Plaza Roca, donde contamos con un stand mostrando toda nuestra oferta educativa de los distintos niveles que ofrece la Fundaci\u00f3n.\u00a0<a href=\"https:\/\/ldv.edu.ar\/wps\/wp-content\/uploads\/2013\/10\/feriadellibro.jpg\"><img loading=\"lazy\" decoding=\"async\" class=\"alignright size-medium wp-image-300\" alt=\"feriadellibro\" src=\"https:\/\/ldv.edu.ar\/wps\/wp-content\/uploads\/2013\/10\/feriadellibro-300x200.jpg\" width=\"300\" height=\"200\" srcset=\"https:\/\/ldv.edu.ar\/wps\/wp-content\/uploads\/2013\/10\/feriadellibro-300x200.jpg 300w, https:\/\/ldv.edu.ar\/wps\/wp-content\/uploads\/2013\/10\/feriadellibro.jpg 960w\" sizes=\"(max-width: 300px) 100vw, 300px\" \/><\/a><\/p>\n<p>Guillermo Pedruzzi, Presidente de la Fundaci\u00f3n Da Vinci, estuvo presente junto a parte de su staff de docentes y responsables de diversas \u00e1reas, mostrando la diversidad de acciones que llevan a cabo desde la instituci\u00f3n.<\/p>\n<p>Conmemorando la Feria del Libro se present\u00f3 el robot lector que capt\u00f3 la atenci\u00f3n del p\u00fablico presente.<br \/>\nVisit\u00e1 nuestro stand en el centro de la feria, somos el n\u00famero 13 y nos reconoc\u00e9s porque all\u00ed habita la creatividad y el ingenio.<\/p>\n<p><strong><a href=\"https:\/\/www.facebook.com\/media\/set\/?set=a.440984199356607.1073741873.202153353239694&amp;type=1&amp;l=fe48baa836\" target=\"_blank\">La Fundaci\u00f3n Da Vinci en la Feria del Libro\u00a0<\/a><\/strong><\/p>\n<h1><a style=\"font-size: 13px;\" href=\"https:\/\/www.facebook.com\/media\/set\/?set=a.445182378936789.1073741875.202153353239694&amp;type=1&amp;l=171dd5805b\" target=\"_blank\"><strong>Momentos en la Feria del Libro\u00a0<\/strong><\/a><\/h1>\n<p>&nbsp;<\/p>\n","protected":false},"excerpt":{"rendered":"<p>La Novena Feria del Libro dio inicio en la gran carpa enclavada en la Plaza Roca, donde contamos con un stand mostrando toda nuestra oferta educativa de los distintos niveles que ofrece la Fundaci\u00f3n.\u00a0 Guillermo Pedruzzi, Presidente de la Fundaci\u00f3n Da Vinci, estuvo presente junto a parte de su staff de docentes y responsables de [&hellip;]<\/p>\n","protected":false},"author":1,"featured_media":300,"comment_status":"closed","ping_status":"closed","sticky":false,"template":"","format":"standard","meta":{"footnotes":""},"categories":[16],"tags":[44,36,65,39,26,66],"_links":{"self":[{"href":"https:\/\/ldv.edu.ar\/wps\/wp-json\/wp\/v2\/posts\/299"}],"collection":[{"href":"https:\/\/ldv.edu.ar\/wps\/wp-json\/wp\/v2\/posts"}],"about":[{"href":"https:\/\/ldv.edu.ar\/wps\/wp-json\/wp\/v2\/types\/post"}],"author":[{"embeddable":true,"href":"https:\/\/ldv.edu.ar\/wps\/wp-json\/wp\/v2\/users\/1"}],"replies":[{"embeddable":true,"href":"https:\/\/ldv.edu.ar\/wps\/wp-json\/wp\/v2\/comments?post=299"}],"version-history":[{"count":5,"href":"https:\/\/ldv.edu.ar\/wps\/wp-json\/wp\/v2\/posts\/299\/revisions"}],"predecessor-version":[{"id":449,"href":"https:\/\/ldv.edu.ar\/wps\/wp-json\/wp\/v2\/posts\/299\/revisions\/449"}],"wp:featuredmedia":[{"embeddable":true,"href":"https:\/\/ldv.edu.ar\/wps\/wp-json\/wp\/v2\/media\/300"}],"wp:attachment":[{"href":"https:\/\/ldv.edu.ar\/wps\/wp-json\/wp\/v2\/media?parent=299"}],"wp:term":[{"taxonomy":"category","embeddable":true,"href":"https:\/\/ldv.edu.ar\/wps\/wp-json\/wp\/v2\/categories?post=299"},{"taxonomy":"post_tag","embeddable":true,"href":"https:\/\/ldv.edu.ar\/wps\/wp-json\/wp\/v2\/tags?post=299"}],"curies":[{"name":"wp","href":"https:\/\/api.w.org\/{rel}","templated":true}]}}