{"id":291,"date":"2013-10-04T20:26:30","date_gmt":"2013-10-04T20:26:30","guid":{"rendered":"https:\/\/ldv.edu.ar\/wps\/?p=291"},"modified":"2013-10-14T20:33:40","modified_gmt":"2013-10-14T20:33:40","slug":"se-dicto-el-taller-de-justicia-retributiva","status":"publish","type":"post","link":"https:\/\/ldv.edu.ar\/wps\/se-dicto-el-taller-de-justicia-retributiva\/","title":{"rendered":"Se dict\u00f3 el taller de Justicia Retributiva"},"content":{"rendered":"<p>Con el auspicio de la Defensor\u00eda del Pueblo, el Observatorio de Derechos Humanos de la Universidad Nacional de R\u00edo Cuarto y la Fundaci\u00f3n Leonardo Da Vinci la Asociaci\u00f3n de Mediadores de R\u00edo Cuarto llev\u00f3 a cabo el taller de Justicia Restaurativa &#8211; Mediaci\u00f3n en Conflictos de \u00cdndole Penal. \u00a0<a href=\"https:\/\/ldv.edu.ar\/wps\/wp-content\/uploads\/2013\/10\/mediadores2.jpg\"><img loading=\"lazy\" decoding=\"async\" class=\"alignright size-medium wp-image-292\" alt=\"mediadores2\" src=\"https:\/\/ldv.edu.ar\/wps\/wp-content\/uploads\/2013\/10\/mediadores2-300x200.jpg\" width=\"300\" height=\"200\" srcset=\"https:\/\/ldv.edu.ar\/wps\/wp-content\/uploads\/2013\/10\/mediadores2-300x200.jpg 300w, https:\/\/ldv.edu.ar\/wps\/wp-content\/uploads\/2013\/10\/mediadores2.jpg 960w\" sizes=\"(max-width: 300px) 100vw, 300px\" \/><\/a><\/p>\n<p>Se trat\u00f3 de una completa jornada de informaci\u00f3n donde estudiantes y profesionales con carreras y t\u00edtulos afines pudieron conocer m\u00e1s acerca de esta tem\u00e1tica. El listado de contenidos contempl\u00f3 una nutrida lista de temas de inter\u00e9s tales como Modelos de Justicia Retributiva y Reparadora, Principios de la Justicia Retributiva, la Mediaci\u00f3n en la Justicia Penal y Reflexiones sobre un caso de Mediaci\u00f3n Penal.<\/p>\n<p>La justicia restaurativa o justicia reparadora es una teor\u00eda, a la vez que un movimiento social de car\u00e1cter internacional de reforma a la justicia penal, que plantea que el crimen o delito es fundamentalmente un da\u00f1o en contra de una persona concreta y de las relaciones interpersonales, a diferencia de la justicia penal convencional de car\u00e1cter retributiva, que plantea que el delito es una lesi\u00f3n de una norma jur\u00eddica, en donde la v\u00edctima principal es el Estado.<\/p>\n<p>El taller estuvo a cargo de la abogada y procuradora, m\u00e1ster en resoluci\u00f3n de conflictos y mediaci\u00f3n, y especialista en conflictos familiares e interculturalidad, Karina Battola.<\/p>\n<p>Una gran cantidad de p\u00fablico particip\u00f3 del taller que se llev\u00f3 a cabo en el Auditorio OSDE de calle Constituci\u00f3n al 1043.<\/p>\n<p><strong><a href=\"https:\/\/www.facebook.com\/media\/set\/?set=a.438908926230801.1073741872.202153353239694&amp;type=1&amp;l=584892403f\" target=\"_blank\">Ver im\u00e1genes del taller<\/a><\/strong><\/p>\n","protected":false},"excerpt":{"rendered":"<p>Con el auspicio de la Defensor\u00eda del Pueblo, el Observatorio de Derechos Humanos de la Universidad Nacional de R\u00edo Cuarto y la Fundaci\u00f3n Leonardo Da Vinci la Asociaci\u00f3n de Mediadores de R\u00edo Cuarto llev\u00f3 a cabo el taller de Justicia Restaurativa &#8211; Mediaci\u00f3n en Conflictos de \u00cdndole Penal. \u00a0 Se trat\u00f3 de una completa jornada [&hellip;]<\/p>\n","protected":false},"author":1,"featured_media":292,"comment_status":"closed","ping_status":"closed","sticky":false,"template":"","format":"standard","meta":{"footnotes":""},"categories":[16],"tags":[61,62,26,18,60,59],"_links":{"self":[{"href":"https:\/\/ldv.edu.ar\/wps\/wp-json\/wp\/v2\/posts\/291"}],"collection":[{"href":"https:\/\/ldv.edu.ar\/wps\/wp-json\/wp\/v2\/posts"}],"about":[{"href":"https:\/\/ldv.edu.ar\/wps\/wp-json\/wp\/v2\/types\/post"}],"author":[{"embeddable":true,"href":"https:\/\/ldv.edu.ar\/wps\/wp-json\/wp\/v2\/users\/1"}],"replies":[{"embeddable":true,"href":"https:\/\/ldv.edu.ar\/wps\/wp-json\/wp\/v2\/comments?post=291"}],"version-history":[{"count":3,"href":"https:\/\/ldv.edu.ar\/wps\/wp-json\/wp\/v2\/posts\/291\/revisions"}],"predecessor-version":[{"id":294,"href":"https:\/\/ldv.edu.ar\/wps\/wp-json\/wp\/v2\/posts\/291\/revisions\/294"}],"wp:featuredmedia":[{"embeddable":true,"href":"https:\/\/ldv.edu.ar\/wps\/wp-json\/wp\/v2\/media\/292"}],"wp:attachment":[{"href":"https:\/\/ldv.edu.ar\/wps\/wp-json\/wp\/v2\/media?parent=291"}],"wp:term":[{"taxonomy":"category","embeddable":true,"href":"https:\/\/ldv.edu.ar\/wps\/wp-json\/wp\/v2\/categories?post=291"},{"taxonomy":"post_tag","embeddable":true,"href":"https:\/\/ldv.edu.ar\/wps\/wp-json\/wp\/v2\/tags?post=291"}],"curies":[{"name":"wp","href":"https:\/\/api.w.org\/{rel}","templated":true}]}}