{"id":2385,"date":"2020-03-31T21:11:29","date_gmt":"2020-03-31T21:11:29","guid":{"rendered":"https:\/\/ldv.edu.ar\/wps\/?p=2385"},"modified":"2024-05-25T23:32:13","modified_gmt":"2024-05-25T23:32:13","slug":"palabras-sobre-malvinas","status":"publish","type":"post","link":"https:\/\/ldv.edu.ar\/wps\/palabras-sobre-malvinas\/","title":{"rendered":"Palabras sobre Malvinas"},"content":{"rendered":"\n<figure class=\"wp-block-image\"><img loading=\"lazy\" decoding=\"async\" width=\"264\" height=\"191\" src=\"https:\/\/ldv.edu.ar\/wps\/wp-content\/uploads\/2020\/03\/images.jpg\" alt=\"\" class=\"wp-image-2386\"\/><\/figure>\n\n\n\n<p><br><\/p>\n\n\n\n<p>Las Malvinas son Argentinas y eso es lo primero que me surge en la mente y en el coraz\u00f3n\u2026 Unos a\u00f1os despu\u00e9s de nuestra &nbsp; independencia, y hasta 1833 (a\u00f1o en el que las Malvinas fueron usurpadas por los Ingleses), Argentina se encarg\u00f3 de habitarla, de construir casas, de mandar gente, de reglamentar la caza y la pesca para los extranjero. Pero eso un d\u00eda tuvo su final, ya que los Ingleses llegaron a Malvinas arriaron la bandera argentina e izaron su bandera. Luego de un tiempo y al ver que los ingleses explotaban a los peones, al no soportar m\u00e1s, organizaron una rebeli\u00f3n: Un grupo de peones, indios y criollos fueron protagonistas de un violento alzamiento y logrando&nbsp; arriar la bandera inglesa e  izar la bandera Argentina nuevamente. Ribero era unos de los personajes que lideraba esta rebeli\u00f3n, durante 5 meses se mantuvieron esperando que Buenos Aires les mandara ayuda, que nunca lleg\u00f3.&nbsp;<\/p>\n\n\n\n<figure class=\"wp-block-image\"><img loading=\"lazy\" decoding=\"async\" width=\"1024\" height=\"563\" src=\"https:\/\/ldv.edu.ar\/wps\/wp-content\/uploads\/2020\/03\/guerra_malvinas-1024x563.jpg\" alt=\"\" class=\"wp-image-2387\" srcset=\"https:\/\/ldv.edu.ar\/wps\/wp-content\/uploads\/2020\/03\/guerra_malvinas-1024x563.jpg 1024w, https:\/\/ldv.edu.ar\/wps\/wp-content\/uploads\/2020\/03\/guerra_malvinas-300x165.jpg 300w, https:\/\/ldv.edu.ar\/wps\/wp-content\/uploads\/2020\/03\/guerra_malvinas-768x422.jpg 768w, https:\/\/ldv.edu.ar\/wps\/wp-content\/uploads\/2020\/03\/guerra_malvinas.jpg 1072w\" sizes=\"(max-width: 1024px) 100vw, 1024px\" \/><\/figure>\n\n\n\n<p>En Enero de 1834 vuelven los ingleses y tras dos meses de lucha logran vencer y enviar a Ribero y a sus hombres a Londres para ser juzgados. A partir de 1834 las Malvinas tienen soberan\u00eda inglesa (salvo en los tres meses que dur\u00f3 la guerra con Argentina), pero todos los gobiernos la reclaman desde diferentes lugares, lo \u00faltimo que se logr\u00f3 es el apoyo de los pa\u00edses Latinoamericanos a Argentina.<\/p>\n\n\n\n<p>Un 2 de Abril de 1982 al levantarnos una ma\u00f1ana, nos enteramos por los medios masivos de comunicaci\u00f3n (T.V, radios y revistas) (<a href=\"https:\/\/youtu.be\/QFp5X1KzPGU\">https:\/\/youtu.be\/QFp5X1KzPGU<\/a>) que Argentina le hab\u00eda declarado la guerra a Inglaterra sin entender demasiado lo que pasaba ya que si bien sab\u00edamos del conflicto con Inglaterra por Malvinas nunca hab\u00edamos imaginado una guerra.<\/p>\n\n\n\n<p>-Si me permiten un par\u00e9ntesis (\u00faltima estrategia de los militares de la mano de Galtieri como presidente de la naci\u00f3n para levantar la imagen del ej\u00e9rcito y congraciarse con Reagan, Presidente de Estados Unidos en ese momento) contin\u00fao\u2026 &#8211;<\/p>\n\n\n\n<p>Lo primero que pensaron los militares es que Inglaterra no iba a presentar resistencia (cu\u00e1nta ingenuidad) y escuchamos a Galtieri en los medios decir: \u201c\u2026Si quieren venir que vengan, les presentaremos batalla\u2026\u201d, muy animadamente. De manera m\u00e1s o menos consciente los medios sostuvieron esta \u201clocura\u201d y a los pocos d\u00edas comunicaban \u201cVamos ganando\u201d generando entusiasmo en el pueblo. Tambi\u00e9n lograron hacer una colecta nacional para juntar ropa, joyas, dinero; se crea un Fondo Patri\u00f3tico para ayudar y fue una estafa extraordinaria por la cual hoy hay una causa abierta.&nbsp;<\/p>\n\n\n\n<p>Un coronel encargado de juntar alimentos dec\u00eda: \u201cNo van a pasar hambre y van a venir m\u00e1s gordos\u201c.<\/p>\n\n\n\n<p>Esta mentira no se pudo sostener y&nbsp; poco tiempo despu\u00e9s un 15 de Junio de 1982 las distintas bases Terrestre, Mar\u00edtima y A\u00e9rea se retiran de Malvinas exponiendo y los motivos de la p\u00e9rdida de la guerra (<a href=\"https:\/\/youtu.be\/FIpHE7rhTm4\">https:\/\/youtu.be\/FIpHE7rhTm4<\/a> )<\/p>\n\n\n\n<p>\u00bfQui\u00e9nes fueron y pelearon en Malvinas? J\u00f3venes de 18 a\u00f1os, principalmente de clase media baja, hijos de obreros y del norte del pa\u00eds que estaban realizando el Servicio Militar Obligatorio, los que lo hab\u00edan realizado el a\u00f1o anterior y algunos m\u00e1s que se presentaron como voluntarios, j\u00f3venes que no estaban preparados, que no sab\u00edan manejar un arma. Muchos murieron en la guerra, pero much\u00edsimos m\u00e1s se suicidaron despu\u00e9s, por lo traum\u00e1tico de lo vivido, pero adem\u00e1s tuvieron que soportar la indiferencia social del pueblo, de los gobiernos, la falta de trabajo, la ausencia de un sistema de salud que los contuviera. Sin plata, sin reconocimiento, pero con la entereza que los caracteriza se fueron juntando y armaron una organizaci\u00f3n que hoy conocemos como \u201cEx Combatientes de Malvinas\u201d y desde el a\u00f1o 2010 en adelante se fueron visibilizando, y consiguieron subsidios, tienen sedes en distintas partes del pa\u00eds, ofrecen servicios a la comunidad.<\/p>\n\n\n\n<p>POR ESO A TODOS ELLOS Y DESDE ACA VA NUESTRO APLAUSO.<\/p>\n\n\n\n<p><strong>MALVINAS EN LA CULTURA<\/strong><br><\/p>\n\n\n\n<p>Pel\u00edculas:<br><\/p>\n\n\n\n<p><strong>Los chicos de la guerra&nbsp;<\/strong><\/p>\n\n\n\n<p><strong>Ficha t\u00e9cnica<\/strong>: T\u00edtulo original: Los chicos de la guerra. A\u00f1o: 1984. <strong>Duraci\u00f3n: 105 min<\/strong>. Pa\u00eds: Argentina. Director: Bebe Kamin . Gui\u00f3n: Bebe Kamin, Daniel Kon. M\u00fasica: Juan Carlos Baglietto, Luis Mar\u00eda Serra. Fotograf\u00eda: Yito Blanc. Reparto: H\u00e9ctor Alterio, Carlos Abbate, Luis Agustoni, Jos\u00e9 Andrada, Juan Carlos Baglietto, Emilio Bardi, Gustavo Belatti, Jes\u00fas Berenguer, Guillermo Bernardo, Gisella Bonacci, Carlos Carella, Osvaldo Carreia, Marisa Charny. G\u00e9nero: B\u00e9lico. Drama | Guerra de las Malvinas&nbsp;<\/p>\n\n\n\n<p>Sinopsis: Narra las historias de tres j\u00f3venes de distintas clases sociales enviados a la Guerra de las Malvinas, desde sus propias infancias hasta el traum\u00e1tico regreso del conflicto b\u00e9lico contra el Reino Unido en el Atl\u00e1ntico Sur.&nbsp;<\/p>\n\n\n\n<p>Trailer https:\/\/www.youtube.com\/watch?v=y95uQDBcOyU \t<\/p>\n\n\n\n<p><strong>Fuckland&nbsp;<\/strong><\/p>\n\n\n\n<p><strong>Ficha t\u00e9cnica<\/strong>: T\u00edtulo original: Fuckland. A\u00f1o: 2000. <strong>Duraci\u00f3n: 84 min<\/strong>. Pa\u00eds: Argentina. Director: Jos\u00e9 Luis Marqu\u00e9s. Gui\u00f3n: Jos\u00e9 Luis Marqu\u00e9s. M\u00fasica: Sergio Figueroa. Fotograf\u00eda: Alejandro Hartman, Jos\u00e9 Luis Marqu\u00e9s, Guillermo Naistat, Fabi\u00e1n Stratas. Reparto: Fabi\u00e1n Stratas, Camilla Heaney . Productora: Atomic Films S.A. \/ Cinecolor \/ Symphony Pictures \/ Videocolor. G\u00e9nero: Drama | Dogma 95&nbsp;<\/p>\n\n\n\n<p>Sinopsis: Primera pel\u00edcula argentina rodada seg\u00fan los postulados del Dogma 95, con un equipo de filmaci\u00f3n que lleg\u00f3 semi-clandestinamente a las islas Malvinas. Un argentino se propone reconquistar las islas con la idea de embarazar a las nativas del lugar y as\u00ed repoblar el suelo con nuevas generaciones de argentinos.&nbsp;<\/p>\n\n\n\n<p>Trailer: https:\/\/www.youtube.com\/watch?v=d5b5ScVN7OQ&nbsp;<\/p>\n\n\n\n<p><strong>Iluminados por el Fuego&nbsp;<\/strong><\/p>\n\n\n\n<p><strong>Ficha t\u00e9cnica<\/strong>: T\u00edtulo original: Iluminados por el fuego. A\u00f1o: 2005. <strong>Duraci\u00f3n: 100 min<\/strong>. Pa\u00eds: Argentina. Director: Trist\u00e1n Bauer. Gui\u00f3n: Trist\u00e1n Bauer, Edgardo Esteban, Gustavo Romero Borri, Miguel Bonasso. M\u00fasica: Le\u00f3n Gieco, Federico Bonasso. Fotograf\u00eda: Javier Julia. Reparto: Gast\u00f3n Pauls, Pablo Ribba, C\u00e9sar Albarrac\u00edn, Juan Leyrado, Virginia Inocenti, V\u00edctor Hugo Carrizo, Arturo Bon\u00edn, Tony Lestingi, Lautaro Delgado. Productora: Universidad Nacional de General San Mart\u00edn. G\u00e9nero: B\u00e9lico. Drama | Guerra de las Malvinas&nbsp;<\/p>\n\n\n\n<p>Sinopsis: \u00abIluminados por el fuego\u00bb narra los recuerdos de Esteban Leguizam\u00f3n, un hombre de 40 a\u00f1os que, en 1982 y cuando ten\u00eda s\u00f3lo 18, fue llevado como soldado recluta a combatir a las Islas Malvinas. A partir del intento de suicidio de uno de sus ex compa\u00f1eros, Esteban se sumerge en los recuerdos de esa guerra que comparti\u00f3 con otros dos j\u00f3venes reclutas: Vargas, el suicida, y Juan, muerto en combate. All\u00ed aparecen no s\u00f3lo los horrores propios de la guerra y el padecimiento del fr\u00edo y del hambre, sino tambi\u00e9n las historias de amistad y compa\u00f1erismo. Desde la mirada de Esteban, la pel\u00edcula pone en evidencia la lenta y gradual inmersi\u00f3n de sus fr\u00e1giles vidas en el coraz\u00f3n de la muerte misma. A los 20 a\u00f1os de la guerra, Esteban decide volver a las Islas para reencontrarse con su pasado y cerrar sus viejas heridas.&nbsp;<\/p>\n\n\n\n<p>Trailer: <a href=\"https:\/\/www.youtube.com\/watch?v=Tf_fS_ru2mc\">https:\/\/www.youtube.com\/watch?v=Tf_fS_ru2mc<\/a><\/p>\n\n\n\n<p><strong>&#8212;&#8212;&#8212;&#8212;&#8212;&#8212;&#8212;&#8212;&#8212;&#8212;&#8212;&#8212;&#8212;&#8212;&#8212;&#8212;&#8212;&#8212;&#8212;&#8212;&#8212;&#8212;&#8212;&#8212;-<\/strong><\/p>\n\n\n\n<p><strong>Cortometraje: \u201cGuarisover: los olvidados\u201d (1995)<\/strong><\/p>\n\n\n\n<figure class=\"wp-block-embed is-type-video is-provider-youtube wp-block-embed-youtube wp-embed-aspect-4-3 wp-has-aspect-ratio\"><div class=\"wp-block-embed__wrapper\">\n<iframe loading=\"lazy\" title=\"guarisove (cortometraje)\" width=\"640\" height=\"480\" src=\"https:\/\/www.youtube.com\/embed\/pV-vAWr_-AU?feature=oembed\" frameborder=\"0\" allow=\"accelerometer; autoplay; clipboard-write; encrypted-media; gyroscope; picture-in-picture; web-share\" referrerpolicy=\"strict-origin-when-cross-origin\" allowfullscreen><\/iframe>\n<\/div><\/figure>\n\n\n\n<p>&#8212;&#8212;&#8212;&#8212;&#8212;&#8212;&#8212;&#8212;&#8212;&#8212;&#8212;&#8212;&#8212;&#8212;&#8212;&#8212;&#8212;&#8212;&#8212;&#8212;&#8212;&#8212;&#8212;&#8212;&#8212;&#8212;-<\/p>\n\n\n\n<p><strong>Antolog\u00eda \u201cSoldados\u201d de Gustavo Caso Rosendi<\/strong> (ex combatiente y escritor) en:&nbsp;<\/p>\n\n\n\n<figure class=\"wp-block-embed\"><div class=\"wp-block-embed__wrapper\">\nhttp:\/\/www.bnm.me.gov.ar\/giga1\/documentos\/EL006317.pdf\n<\/div><\/figure>\n\n\n\n<p>&#8212;&#8212;&#8212;&#8212;&#8212;&#8212;&#8212;&#8212;&#8212;&#8212;&#8212;&#8212;&#8212;&#8212;&#8212;&#8212;&#8212;&#8212;&#8212;&#8212;&#8212;&#8212;&#8212;&#8212;&#8212;&#8212;-<\/p>\n\n\n\n<p>Ciclo <strong>\u201cPensar Malvinas\u201d<\/strong> de Canal Encuentro, hay varios episodios que abordan diferentes aristas&nbsp;<\/p>\n\n\n\n<figure class=\"wp-block-embed is-type-video is-provider-youtube wp-block-embed-youtube wp-embed-aspect-4-3 wp-has-aspect-ratio\"><div class=\"wp-block-embed__wrapper\">\n<iframe loading=\"lazy\" title=\"Pensar Malvinas 24hs por Malvinas\" width=\"640\" height=\"480\" src=\"https:\/\/www.youtube.com\/embed\/jbFVv_SzceI?feature=oembed\" frameborder=\"0\" allow=\"accelerometer; autoplay; clipboard-write; encrypted-media; gyroscope; picture-in-picture; web-share\" referrerpolicy=\"strict-origin-when-cross-origin\" allowfullscreen><\/iframe>\n<\/div><\/figure>\n\n\n\n<p><strong>&#8212;&#8212;&#8212;&#8212;&#8212;&#8212;&#8212;&#8212;&#8212;&#8212;&#8212;&#8212;&#8212;&#8212;&#8212;&#8212;&#8212;&#8212;&#8212;&#8212;&#8212;&#8212;&#8212;&#8212;-<\/strong><\/p>\n\n\n\n<p><strong>\u201cMalvinas: historia de una usurpacion\u201d, video historico<\/strong> (son tres partes) En:&nbsp;<\/p>\n\n\n\n<figure class=\"wp-block-embed is-type-video is-provider-youtube wp-block-embed-youtube wp-embed-aspect-16-9 wp-has-aspect-ratio\"><div class=\"wp-block-embed__wrapper\">\n<iframe loading=\"lazy\" title=\"Especial Encuentro - Malvinas. La historia de la usurpaci\u00f3n - 10-06-15 - (1 de 3)\" width=\"640\" height=\"360\" src=\"https:\/\/www.youtube.com\/embed\/l_81f-_mE38?feature=oembed\" frameborder=\"0\" allow=\"accelerometer; autoplay; clipboard-write; encrypted-media; gyroscope; picture-in-picture; web-share\" referrerpolicy=\"strict-origin-when-cross-origin\" allowfullscreen><\/iframe>\n<\/div><\/figure>\n\n\n\n<figure class=\"wp-block-embed is-type-video is-provider-youtube wp-block-embed-youtube wp-embed-aspect-16-9 wp-has-aspect-ratio\"><div class=\"wp-block-embed__wrapper\">\n<iframe loading=\"lazy\" title=\"Especial Encuentro - Malvinas. La historia de la usurpaci\u00f3n - 10-06-15 - (2 de 3)\" width=\"640\" height=\"360\" src=\"https:\/\/www.youtube.com\/embed\/FDA4pRLqh7Q?feature=oembed\" frameborder=\"0\" allow=\"accelerometer; autoplay; clipboard-write; encrypted-media; gyroscope; picture-in-picture; web-share\" referrerpolicy=\"strict-origin-when-cross-origin\" allowfullscreen><\/iframe>\n<\/div><\/figure>\n\n\n\n<figure class=\"wp-block-embed is-type-video is-provider-youtube wp-block-embed-youtube wp-embed-aspect-16-9 wp-has-aspect-ratio\"><div class=\"wp-block-embed__wrapper\">\n<iframe loading=\"lazy\" title=\"Especial Encuentro - Malvinas. La historia de la usurpaci\u00f3n - 10-06-15 - (3 de 3)\" width=\"640\" height=\"360\" src=\"https:\/\/www.youtube.com\/embed\/zzNhyadffOs?feature=oembed\" frameborder=\"0\" allow=\"accelerometer; autoplay; clipboard-write; encrypted-media; gyroscope; picture-in-picture; web-share\" referrerpolicy=\"strict-origin-when-cross-origin\" allowfullscreen><\/iframe>\n<\/div><\/figure>\n\n\n\n<p>&#8212;&#8212;&#8212;&#8212;&#8212;&#8212;&#8212;&#8212;&#8212;&#8212;&#8212;&#8212;&#8212;&#8212;&#8212;&#8212;&#8212;&#8212;&#8212;&#8212;&#8212;&#8212;&#8212;&#8212;&#8212;&#8212;&#8212;&#8212;&#8212;&#8212;&#8212;<\/p>\n\n\n\n<p><strong>Algunas obras ficcionales:<\/strong><\/p>\n\n\n\n<p>Los pichiciegos de Fogwill<\/p>\n\n\n\n<p>Las Islas de Gamerro<\/p>\n\n\n\n<p>Ciencias Morales&nbsp; de Kohan<\/p>\n\n\n\n<p>Antologia Las otras islas&nbsp;<\/p>\n\n\n\n<p>1982 de Sergio Olguin<\/p>\n\n\n\n<p>Puerto Belgrano de Juan Terranova<\/p>\n\n\n\n<p>Trasfondo de Patricia Ratto<\/p>\n\n\n\n<p>Una puta mierda\/Nosotros caminamos en sue\u00f1o de Patricio Pron<\/p>\n\n\n\n<p>&#8212;&#8212;&#8212;&#8212;&#8212;&#8212;&#8212;&#8212;&#8212;&#8212;&#8212;&#8212;&#8212;&#8212;&#8212;&#8212;&#8212;&#8212;&#8212;&#8212;&#8212;&#8212;&#8212;&#8212;&#8212;&#8212;&#8212;&#8212;&#8212;&#8212;&#8212;&#8212;&#8212;&#8211;<br><\/p>\n\n\n\n<p><br><\/p>\n","protected":false},"excerpt":{"rendered":"<p>Las Malvinas son Argentinas y eso es lo primero que me surge en la mente y en el coraz\u00f3n\u2026 Unos a\u00f1os despu\u00e9s de nuestra &nbsp; independencia, y hasta 1833 (a\u00f1o en el que las Malvinas fueron usurpadas por los Ingleses), Argentina se encarg\u00f3 de habitarla, de construir casas, de mandar gente, de reglamentar la caza [&hellip;]<\/p>\n","protected":false},"author":1,"featured_media":2387,"comment_status":"closed","ping_status":"closed","sticky":true,"template":"","format":"standard","meta":{"footnotes":""},"categories":[16,191],"tags":[],"_links":{"self":[{"href":"https:\/\/ldv.edu.ar\/wps\/wp-json\/wp\/v2\/posts\/2385"}],"collection":[{"href":"https:\/\/ldv.edu.ar\/wps\/wp-json\/wp\/v2\/posts"}],"about":[{"href":"https:\/\/ldv.edu.ar\/wps\/wp-json\/wp\/v2\/types\/post"}],"author":[{"embeddable":true,"href":"https:\/\/ldv.edu.ar\/wps\/wp-json\/wp\/v2\/users\/1"}],"replies":[{"embeddable":true,"href":"https:\/\/ldv.edu.ar\/wps\/wp-json\/wp\/v2\/comments?post=2385"}],"version-history":[{"count":3,"href":"https:\/\/ldv.edu.ar\/wps\/wp-json\/wp\/v2\/posts\/2385\/revisions"}],"predecessor-version":[{"id":2617,"href":"https:\/\/ldv.edu.ar\/wps\/wp-json\/wp\/v2\/posts\/2385\/revisions\/2617"}],"wp:featuredmedia":[{"embeddable":true,"href":"https:\/\/ldv.edu.ar\/wps\/wp-json\/wp\/v2\/media\/2387"}],"wp:attachment":[{"href":"https:\/\/ldv.edu.ar\/wps\/wp-json\/wp\/v2\/media?parent=2385"}],"wp:term":[{"taxonomy":"category","embeddable":true,"href":"https:\/\/ldv.edu.ar\/wps\/wp-json\/wp\/v2\/categories?post=2385"},{"taxonomy":"post_tag","embeddable":true,"href":"https:\/\/ldv.edu.ar\/wps\/wp-json\/wp\/v2\/tags?post=2385"}],"curies":[{"name":"wp","href":"https:\/\/api.w.org\/{rel}","templated":true}]}}