{"id":2346,"date":"2019-12-13T12:02:03","date_gmt":"2019-12-13T12:02:03","guid":{"rendered":"https:\/\/ldv.edu.ar\/wps\/?p=2346"},"modified":"2024-05-25T23:38:50","modified_gmt":"2024-05-25T23:38:50","slug":"finalizacion-del-ciclo-lectivo-2019","status":"publish","type":"post","link":"https:\/\/ldv.edu.ar\/wps\/finalizacion-del-ciclo-lectivo-2019\/","title":{"rendered":"Acto de fin de a\u00f1o del primario del ciclo lectivo 2019"},"content":{"rendered":"\n<figure class=\"wp-block-image\"><img loading=\"lazy\" decoding=\"async\" width=\"960\" height=\"635\" src=\"https:\/\/ldv.edu.ar\/wps\/wp-content\/uploads\/2020\/01\/82274033_2628809203907418_4121497754507673600_o.jpg\" alt=\"\" class=\"wp-image-2347\" srcset=\"https:\/\/ldv.edu.ar\/wps\/wp-content\/uploads\/2020\/01\/82274033_2628809203907418_4121497754507673600_o.jpg 960w, https:\/\/ldv.edu.ar\/wps\/wp-content\/uploads\/2020\/01\/82274033_2628809203907418_4121497754507673600_o-300x198.jpg 300w, https:\/\/ldv.edu.ar\/wps\/wp-content\/uploads\/2020\/01\/82274033_2628809203907418_4121497754507673600_o-768x508.jpg 768w\" sizes=\"(max-width: 960px) 100vw, 960px\" \/><\/figure>\n\n\n\n<p>Los Leonarditos y Leonarditas cerraron el ciclo lectivo despidi\u00e9ndose a todo ritmo.<\/p>\n\n\n\n<p>El nivel primario del Instituto Leonardo Da Vinci cerr\u00f3 el 2019 con distintas interpretaciones e intervenciones musicales. <\/p>\n\n\n\n<p>Los estudiantes expusieron ante decenas de familiares distintas performances musicales relacionadas a la cultura popular argentina. <\/p>\n\n\n\n<p>Coincidentemente con el a\u00f1o de la m\u00fasica en el escenario del colegio se sucedieron desde coreograf\u00edas hasta interpretaciones art\u00edsticas que fueron guiadas por la profe Melisa \u00c1lvarez y ovacionadas por las familias, quienes tambien participaron de algunas de las intervenciones.<\/p>\n\n\n\n<p>El 2019 fue un a\u00f1o en el que nos volvimos a encontrar, pero no s\u00f3lo desde el compromiso puesto en la educaci\u00f3n, sino tambi\u00e9n en el amor por el otro, en el construir peque\u00f1os detalles bellos que nos hacen grandes y en construir puentes que nos ayudan a unir horizontes y acercar fronteras. <\/p>\n\n\n\n<p>Al finalizar el acto de cierre de ciclo lectivo el profe Manuel Campos, junto a padres y madres juntaron voluntades y armaron el puente autoportante gigante como un s\u00edmbolo de lo que se logr\u00f3 construir este a\u00f1o junto a todos los integrantes de la comunidad Leonardina. <\/p>\n","protected":false},"excerpt":{"rendered":"<p>Los Leonarditos y Leonarditas cerraron el ciclo lectivo despidi\u00e9ndose a todo ritmo. El nivel primario del Instituto Leonardo Da Vinci cerr\u00f3 el 2019 con distintas interpretaciones e intervenciones musicales. Los estudiantes expusieron ante decenas de familiares distintas performances musicales relacionadas a la cultura popular argentina. Coincidentemente con el a\u00f1o de la m\u00fasica en el escenario [&hellip;]<\/p>\n","protected":false},"author":1,"featured_media":2347,"comment_status":"closed","ping_status":"closed","sticky":false,"template":"","format":"standard","meta":{"footnotes":""},"categories":[522,189],"tags":[450,514,26],"_links":{"self":[{"href":"https:\/\/ldv.edu.ar\/wps\/wp-json\/wp\/v2\/posts\/2346"}],"collection":[{"href":"https:\/\/ldv.edu.ar\/wps\/wp-json\/wp\/v2\/posts"}],"about":[{"href":"https:\/\/ldv.edu.ar\/wps\/wp-json\/wp\/v2\/types\/post"}],"author":[{"embeddable":true,"href":"https:\/\/ldv.edu.ar\/wps\/wp-json\/wp\/v2\/users\/1"}],"replies":[{"embeddable":true,"href":"https:\/\/ldv.edu.ar\/wps\/wp-json\/wp\/v2\/comments?post=2346"}],"version-history":[{"count":2,"href":"https:\/\/ldv.edu.ar\/wps\/wp-json\/wp\/v2\/posts\/2346\/revisions"}],"predecessor-version":[{"id":2349,"href":"https:\/\/ldv.edu.ar\/wps\/wp-json\/wp\/v2\/posts\/2346\/revisions\/2349"}],"wp:featuredmedia":[{"embeddable":true,"href":"https:\/\/ldv.edu.ar\/wps\/wp-json\/wp\/v2\/media\/2347"}],"wp:attachment":[{"href":"https:\/\/ldv.edu.ar\/wps\/wp-json\/wp\/v2\/media?parent=2346"}],"wp:term":[{"taxonomy":"category","embeddable":true,"href":"https:\/\/ldv.edu.ar\/wps\/wp-json\/wp\/v2\/categories?post=2346"},{"taxonomy":"post_tag","embeddable":true,"href":"https:\/\/ldv.edu.ar\/wps\/wp-json\/wp\/v2\/tags?post=2346"}],"curies":[{"name":"wp","href":"https:\/\/api.w.org\/{rel}","templated":true}]}}