{"id":2262,"date":"2019-03-08T02:00:50","date_gmt":"2019-03-08T02:00:50","guid":{"rendered":"https:\/\/ldv.edu.ar\/wps\/?p=2262"},"modified":"2019-03-08T02:21:19","modified_gmt":"2019-03-08T02:21:19","slug":"acto-del-inicio-del-ciclo-lectivo-2019-de-la-primaria","status":"publish","type":"post","link":"https:\/\/ldv.edu.ar\/wps\/acto-del-inicio-del-ciclo-lectivo-2019-de-la-primaria\/","title":{"rendered":"Acto del Inicio del Ciclo Lectivo 2019 de la Primaria"},"content":{"rendered":"\n<p>Para darle la bienvenida a Los\/as Leonarditos\/as el equipo directivo y docente pens\u00f3 en la propuesta institucional del presente a\u00f1o con el eje puesto en LA M\u00daSICA. <\/p>\n\n\n\n<p>Es por ello que se convoc\u00f3 al Coro Juvenil Municipal a cargo de la Directora Licenciada y Profesora Luciana Cazzola, dicho coro tiene la finalidad de acercar a los j\u00f3venes a la actividad art\u00edstico-musical a trav\u00e9s de la vivencia del canto coral. Agradecemos profundamente la participaci\u00f3n de estos cantantes que con sus canciones le pusieron color al aire de la tarde. <\/p>\n\n\n\n<p>Tambi\u00e9n los\/as docentes y profes presentaron a los chicos una muestra polirr\u00edtmica con palos que caus\u00f3 furor en los presentes y convoc\u00f3 al aplauso masivo y a la alegr\u00eda compartida entre padres, madres, ni\u00f1os y ni\u00f1as. <\/p>\n\n\n\n<p>Finalmente, con la intenci\u00f3n de que puedan ir conociendo diferentes ritmos musicales cada grado se fue retirando con su docente al escuchar el estilo musical asignado. <\/p>\n\n\n\n<p>El Nivel Inicial particip\u00f3 de la muestra por parte de los\/as docentes y posteriormente se invit\u00f3 a las familias a realizar un mural, compartieron mates y disfrutaron pintando junto a sus hijos\/as. <\/p>\n\n\n\n<p>\u00a1\u00a1\u00a1Bienvenidos\/as al ciclo lectivo 2019!!! <\/p>\n\n\n\n<p><a href=\"https:\/\/www.facebook.com\/media\/set\/?set=a.2067079943413683&amp;type=1&amp;l=92358595fa\">Para ver las im\u00e1genes haz click aqu\u00ed<\/a><\/p>\n","protected":false},"excerpt":{"rendered":"<p>Para darle la bienvenida a Los\/as Leonarditos\/as el equipo directivo y docente pens\u00f3 en la propuesta institucional del presente a\u00f1o con el eje puesto en LA M\u00daSICA. Es por ello que se convoc\u00f3 al Coro Juvenil Municipal a cargo de la Directora Licenciada y Profesora Luciana Cazzola, dicho coro tiene la finalidad de acercar a [&hellip;]<\/p>\n","protected":false},"author":1,"featured_media":2263,"comment_status":"closed","ping_status":"closed","sticky":false,"template":"","format":"standard","meta":{"footnotes":""},"categories":[1],"tags":[134,296,483,141],"_links":{"self":[{"href":"https:\/\/ldv.edu.ar\/wps\/wp-json\/wp\/v2\/posts\/2262"}],"collection":[{"href":"https:\/\/ldv.edu.ar\/wps\/wp-json\/wp\/v2\/posts"}],"about":[{"href":"https:\/\/ldv.edu.ar\/wps\/wp-json\/wp\/v2\/types\/post"}],"author":[{"embeddable":true,"href":"https:\/\/ldv.edu.ar\/wps\/wp-json\/wp\/v2\/users\/1"}],"replies":[{"embeddable":true,"href":"https:\/\/ldv.edu.ar\/wps\/wp-json\/wp\/v2\/comments?post=2262"}],"version-history":[{"count":1,"href":"https:\/\/ldv.edu.ar\/wps\/wp-json\/wp\/v2\/posts\/2262\/revisions"}],"predecessor-version":[{"id":2264,"href":"https:\/\/ldv.edu.ar\/wps\/wp-json\/wp\/v2\/posts\/2262\/revisions\/2264"}],"wp:featuredmedia":[{"embeddable":true,"href":"https:\/\/ldv.edu.ar\/wps\/wp-json\/wp\/v2\/media\/2263"}],"wp:attachment":[{"href":"https:\/\/ldv.edu.ar\/wps\/wp-json\/wp\/v2\/media?parent=2262"}],"wp:term":[{"taxonomy":"category","embeddable":true,"href":"https:\/\/ldv.edu.ar\/wps\/wp-json\/wp\/v2\/categories?post=2262"},{"taxonomy":"post_tag","embeddable":true,"href":"https:\/\/ldv.edu.ar\/wps\/wp-json\/wp\/v2\/tags?post=2262"}],"curies":[{"name":"wp","href":"https:\/\/api.w.org\/{rel}","templated":true}]}}