{"id":2239,"date":"2019-02-14T17:26:19","date_gmt":"2019-02-14T17:26:19","guid":{"rendered":"https:\/\/ldv.edu.ar\/wps\/?p=2239"},"modified":"2019-02-14T17:26:20","modified_gmt":"2019-02-14T17:26:20","slug":"periodo-de-adaptacion-del-secundario","status":"publish","type":"post","link":"https:\/\/ldv.edu.ar\/wps\/periodo-de-adaptacion-del-secundario\/","title":{"rendered":"Per\u00edodo de Adaptaci\u00f3n del Secundario"},"content":{"rendered":"\n<p>&#x1f913;Atenci\u00f3n a los Estudiantes del Instituto Leonardo Da Vinci-<\/p>\n\n\n\n<p>&#x1f469;&#x1f469;&#x200d;&#x1f9b1;Quienes comienzan Primero y Cuarto A\u00f1o, tendr\u00e1n un per\u00edodo de adaptaci\u00f3n del 27 de Febrero al 1 de Marzo, de 9 a 12 hs. &#8211;<\/p>\n\n\n\n<p>&#x1f469;&#x200d;&#x1f3eb;Les deseamos una feliz vuelta al ciclo lectivo y que sean muy felices estudiando y compartiendo maravillosos momentos en la instituci\u00f3n.<\/p>\n","protected":false},"excerpt":{"rendered":"<p>&#x1f913;Atenci\u00f3n a los Estudiantes del Instituto Leonardo Da Vinci- &#x1f469;&#x1f469;&#x200d;&#x1f9b1;Quienes comienzan Primero y Cuarto A\u00f1o, tendr\u00e1n un per\u00edodo de adaptaci\u00f3n del 27 de Febrero al 1 de Marzo, de 9 a 12 hs. &#8211; &#x1f469;&#x200d;&#x1f3eb;Les deseamos una feliz vuelta al ciclo lectivo y que sean muy felices estudiando y compartiendo maravillosos momentos en la instituci\u00f3n.<\/p>\n","protected":false},"author":1,"featured_media":2240,"comment_status":"closed","ping_status":"closed","sticky":false,"template":"","format":"standard","meta":{"footnotes":""},"categories":[1],"tags":[481,372,482,38,112,371,373,480,50],"_links":{"self":[{"href":"https:\/\/ldv.edu.ar\/wps\/wp-json\/wp\/v2\/posts\/2239"}],"collection":[{"href":"https:\/\/ldv.edu.ar\/wps\/wp-json\/wp\/v2\/posts"}],"about":[{"href":"https:\/\/ldv.edu.ar\/wps\/wp-json\/wp\/v2\/types\/post"}],"author":[{"embeddable":true,"href":"https:\/\/ldv.edu.ar\/wps\/wp-json\/wp\/v2\/users\/1"}],"replies":[{"embeddable":true,"href":"https:\/\/ldv.edu.ar\/wps\/wp-json\/wp\/v2\/comments?post=2239"}],"version-history":[{"count":1,"href":"https:\/\/ldv.edu.ar\/wps\/wp-json\/wp\/v2\/posts\/2239\/revisions"}],"predecessor-version":[{"id":2241,"href":"https:\/\/ldv.edu.ar\/wps\/wp-json\/wp\/v2\/posts\/2239\/revisions\/2241"}],"wp:featuredmedia":[{"embeddable":true,"href":"https:\/\/ldv.edu.ar\/wps\/wp-json\/wp\/v2\/media\/2240"}],"wp:attachment":[{"href":"https:\/\/ldv.edu.ar\/wps\/wp-json\/wp\/v2\/media?parent=2239"}],"wp:term":[{"taxonomy":"category","embeddable":true,"href":"https:\/\/ldv.edu.ar\/wps\/wp-json\/wp\/v2\/categories?post=2239"},{"taxonomy":"post_tag","embeddable":true,"href":"https:\/\/ldv.edu.ar\/wps\/wp-json\/wp\/v2\/tags?post=2239"}],"curies":[{"name":"wp","href":"https:\/\/api.w.org\/{rel}","templated":true}]}}