{"id":2194,"date":"2018-12-14T20:31:06","date_gmt":"2018-12-14T20:31:06","guid":{"rendered":"https:\/\/ldv.edu.ar\/wps\/?p=2194"},"modified":"2019-01-09T20:39:08","modified_gmt":"2019-01-09T20:39:08","slug":"acto-de-fin-de-ano-del-primario","status":"publish","type":"post","link":"https:\/\/ldv.edu.ar\/wps\/acto-de-fin-de-ano-del-primario\/","title":{"rendered":"Acto de fin de a\u00f1o del Primario"},"content":{"rendered":"\n<p>Los alumnos y alumnas del nivel primario celebraron la fiesta de fin de a\u00f1o, donde se realizaron distintas presentaciones culturales que mostraron el recorrido a lo largo de un a\u00f1o de trabajo en la Fundaci\u00f3n Leonardo Da Vinci.<\/p>\n\n\n\n<p>La sensibilidad, la creatividad, el humor, los colores y la empat\u00eda entre unos y otros gener\u00f3 que fuera una tarde maravillosa, llena de amorosidad entre compa\u00f1eros y compa\u00f1eras. <\/p>\n\n\n\n<p>Los docentes de la instituci\u00f3n acompa\u00f1aron a los peque\u00f1itos en sus actuaciones y les brindaron todo el aliento para que brillaran en el escenario del domo.<\/p>\n\n\n\n<p>La Directora Patricia Sagastume les brind\u00f3 unas palabras muy afectuosas a todo el grupo de alumnos y alumnas del Leonardo Da Vinci. <\/p>\n\n\n\n<p><a href=\"https:\/\/www.facebook.com\/media\/set\/?set=a.1968250593296619&amp;type=1&amp;l=ab0fc1221f\">Mir\u00e1 las im\u00e1genes<\/a><\/p>\n","protected":false},"excerpt":{"rendered":"<p>Los alumnos y alumnas del nivel primario celebraron la fiesta de fin de a\u00f1o, donde se realizaron distintas presentaciones culturales que mostraron el recorrido a lo largo de un a\u00f1o de trabajo en la Fundaci\u00f3n Leonardo Da Vinci. La sensibilidad, la creatividad, el humor, los colores y la empat\u00eda entre unos y otros gener\u00f3 que [&hellip;]<\/p>\n","protected":false},"author":1,"featured_media":2195,"comment_status":"closed","ping_status":"closed","sticky":false,"template":"","format":"standard","meta":{"footnotes":""},"categories":[1],"tags":[450,44,451,141],"_links":{"self":[{"href":"https:\/\/ldv.edu.ar\/wps\/wp-json\/wp\/v2\/posts\/2194"}],"collection":[{"href":"https:\/\/ldv.edu.ar\/wps\/wp-json\/wp\/v2\/posts"}],"about":[{"href":"https:\/\/ldv.edu.ar\/wps\/wp-json\/wp\/v2\/types\/post"}],"author":[{"embeddable":true,"href":"https:\/\/ldv.edu.ar\/wps\/wp-json\/wp\/v2\/users\/1"}],"replies":[{"embeddable":true,"href":"https:\/\/ldv.edu.ar\/wps\/wp-json\/wp\/v2\/comments?post=2194"}],"version-history":[{"count":1,"href":"https:\/\/ldv.edu.ar\/wps\/wp-json\/wp\/v2\/posts\/2194\/revisions"}],"predecessor-version":[{"id":2196,"href":"https:\/\/ldv.edu.ar\/wps\/wp-json\/wp\/v2\/posts\/2194\/revisions\/2196"}],"wp:featuredmedia":[{"embeddable":true,"href":"https:\/\/ldv.edu.ar\/wps\/wp-json\/wp\/v2\/media\/2195"}],"wp:attachment":[{"href":"https:\/\/ldv.edu.ar\/wps\/wp-json\/wp\/v2\/media?parent=2194"}],"wp:term":[{"taxonomy":"category","embeddable":true,"href":"https:\/\/ldv.edu.ar\/wps\/wp-json\/wp\/v2\/categories?post=2194"},{"taxonomy":"post_tag","embeddable":true,"href":"https:\/\/ldv.edu.ar\/wps\/wp-json\/wp\/v2\/tags?post=2194"}],"curies":[{"name":"wp","href":"https:\/\/api.w.org\/{rel}","templated":true}]}}