{"id":1976,"date":"2017-05-16T21:09:16","date_gmt":"2017-05-16T21:09:16","guid":{"rendered":"https:\/\/ldv.edu.ar\/wps\/?p=1976"},"modified":"2017-06-01T21:14:08","modified_gmt":"2017-06-01T21:14:08","slug":"emaus-nos-pinto-el-otono","status":"publish","type":"post","link":"https:\/\/ldv.edu.ar\/wps\/emaus-nos-pinto-el-otono\/","title":{"rendered":"Ema\u00fas nos pint\u00f3 el oto\u00f1o"},"content":{"rendered":"<p>El Colegio Leonardo Da Vinci se vio honrado con la presencia del artista pl\u00e1stico Ema\u00fas, quien dialog\u00f3 con los alumnos del primario y pint\u00f3 junto a ellos una escena del oto\u00f1o que transcurre en el patio de la escuela&#8230;<\/p>\n<p>Artistas como Ema\u00fas sirven de inspiraci\u00f3n a nuestros alumnos que pudieron palpar de cerca la impronta del artista en pleno proceso de creaci\u00f3n&#8230;<\/p>\n<p>Gracias Ema\u00fas por tu visita y por dejar la huella de tu arte no s\u00f3lo en la obra sino en nuestros corazones&#8230;<\/p>\n<p><a href=\"https:\/\/www.facebook.com\/pg\/fundacionleonardodavinci\/photos\/?tab=album&amp;album_id=1314381285350223\"><strong>Mir\u00e1 las im\u00e1genes<\/strong><\/a><\/p>\n","protected":false},"excerpt":{"rendered":"<p>El Colegio Leonardo Da Vinci se vio honrado con la presencia del artista pl\u00e1stico Ema\u00fas, quien dialog\u00f3 con los alumnos del primario y pint\u00f3 junto a ellos una escena del oto\u00f1o que transcurre en el patio de la escuela&#8230; Artistas como Ema\u00fas sirven de inspiraci\u00f3n a nuestros alumnos que pudieron palpar de cerca la impronta [&hellip;]<\/p>\n","protected":false},"author":1,"featured_media":1977,"comment_status":"closed","ping_status":"closed","sticky":false,"template":"","format":"standard","meta":{"footnotes":""},"categories":[16,189],"tags":[95,44,397,26,398,141],"_links":{"self":[{"href":"https:\/\/ldv.edu.ar\/wps\/wp-json\/wp\/v2\/posts\/1976"}],"collection":[{"href":"https:\/\/ldv.edu.ar\/wps\/wp-json\/wp\/v2\/posts"}],"about":[{"href":"https:\/\/ldv.edu.ar\/wps\/wp-json\/wp\/v2\/types\/post"}],"author":[{"embeddable":true,"href":"https:\/\/ldv.edu.ar\/wps\/wp-json\/wp\/v2\/users\/1"}],"replies":[{"embeddable":true,"href":"https:\/\/ldv.edu.ar\/wps\/wp-json\/wp\/v2\/comments?post=1976"}],"version-history":[{"count":1,"href":"https:\/\/ldv.edu.ar\/wps\/wp-json\/wp\/v2\/posts\/1976\/revisions"}],"predecessor-version":[{"id":1978,"href":"https:\/\/ldv.edu.ar\/wps\/wp-json\/wp\/v2\/posts\/1976\/revisions\/1978"}],"wp:featuredmedia":[{"embeddable":true,"href":"https:\/\/ldv.edu.ar\/wps\/wp-json\/wp\/v2\/media\/1977"}],"wp:attachment":[{"href":"https:\/\/ldv.edu.ar\/wps\/wp-json\/wp\/v2\/media?parent=1976"}],"wp:term":[{"taxonomy":"category","embeddable":true,"href":"https:\/\/ldv.edu.ar\/wps\/wp-json\/wp\/v2\/categories?post=1976"},{"taxonomy":"post_tag","embeddable":true,"href":"https:\/\/ldv.edu.ar\/wps\/wp-json\/wp\/v2\/tags?post=1976"}],"curies":[{"name":"wp","href":"https:\/\/api.w.org\/{rel}","templated":true}]}}