{"id":1932,"date":"2016-12-22T23:06:31","date_gmt":"2016-12-22T23:06:31","guid":{"rendered":"https:\/\/ldv.edu.ar\/wps\/?p=1932"},"modified":"2016-12-22T23:07:49","modified_gmt":"2016-12-22T23:07:49","slug":"fechas-de-examenes-para-febrero-de-2017","status":"publish","type":"post","link":"https:\/\/ldv.edu.ar\/wps\/fechas-de-examenes-para-febrero-de-2017\/","title":{"rendered":"Fechas de Ex\u00e1menes para Febrero de 2017"},"content":{"rendered":"<table width=\"1025\">\n<tbody>\n<tr>\n<td width=\"182\"><\/td>\n<td width=\"80\"><\/td>\n<td colspan=\"2\" width=\"763\">EX\u00c1MENES COMPLEMENTARIO- PREVIOS-LIBRES<\/td>\n<\/tr>\n<tr>\n<td><\/td>\n<td><\/td>\n<td>EQUIVALENTES<\/td>\n<td><\/td>\n<\/tr>\n<tr>\n<td><\/td>\n<td><\/td>\n<td><\/td>\n<td><\/td>\n<\/tr>\n<tr>\n<td><\/td>\n<td><\/td>\n<td>LUNES 20 \/02\/2017<\/td>\n<td><\/td>\n<\/tr>\n<tr>\n<td>FECHA EXAMEN<\/td>\n<td>HORARIO<\/td>\n<td>ASIGNATURA<\/td>\n<td>TRIBUNAL<\/td>\n<\/tr>\n<tr>\n<td>20\/02\/2017<\/td>\n<td>08:00<\/td>\n<td>LENGUA Y LITERATURA 2\u00ba Ciclo<\/td>\n<td>ABELLO-GIACOBONE- MIRALLES<\/td>\n<\/tr>\n<tr>\n<td>20\/02\/2017<\/td>\n<td>11:00<\/td>\n<td>INGLES 1\u00ba a 6\u00ba<\/td>\n<td>ABELLO\u00a0 &#8211; MIRALLES- GIOVANINI<\/td>\n<\/tr>\n<tr>\n<td>20\/02\/2017<\/td>\n<td>11:00<\/td>\n<td>TECNOLOG\u00cdA<\/td>\n<td>RASMUSEN- CAMPOS-PUIATTI<\/td>\n<\/tr>\n<tr>\n<td>20\/02\/2017<\/td>\n<td>11:00<\/td>\n<td>CIENCIA TECNOLOG\u00cdA Y \u00c9TICA<\/td>\n<td>RASMUSEN- CAMPOS-PUIATTI<\/td>\n<\/tr>\n<tr>\n<td>20\/02\/2017<\/td>\n<td>08:00<\/td>\n<td>F\u00cdSICA 1\u00ba CICLO<\/td>\n<td>\u00a0PAISIO -CORDERO GABIELI- PUIATTI<\/td>\n<\/tr>\n<tr>\n<td>20\/02\/2017<\/td>\n<td>08:00<\/td>\n<td>BIOLOG\u00cdA 1\u00ba CICLO<\/td>\n<td>\u00a0PAISIO -CORDERO GABIELI- PUIATTI<\/td>\n<\/tr>\n<tr>\n<td>20\/02\/2017<\/td>\n<td>09:00<\/td>\n<td>QU\u00cdMICA 2\u00ba CICLO<\/td>\n<td>ZINGARETTI- CAMPOS- BOSCH<\/td>\n<\/tr>\n<tr>\n<td>20\/02\/2017<\/td>\n<td>08:00<\/td>\n<td>ECONOM\u00cdA Y POL\u00cdTICA- CIUDADAN\u00cdA Y POL\u00cdTICA<\/td>\n<td>GRAMAJO- ARGUELLO<\/td>\n<\/tr>\n<tr>\n<td><\/td>\n<td><\/td>\n<td><\/td>\n<td><\/td>\n<\/tr>\n<tr>\n<td><\/td>\n<td><\/td>\n<td>MARTES 21\/02\/2017<\/td>\n<td><\/td>\n<\/tr>\n<tr>\n<td>FECHA EXAMEN<\/td>\n<td>HORARIO<\/td>\n<td>ASIGNATURA<\/td>\n<td>TRIBUNAL<\/td>\n<\/tr>\n<tr>\n<td>21\/02\/2017<\/td>\n<td>08:00<\/td>\n<td>BIOLOG\u00cdA 2\u00ba CICLO<\/td>\n<td>CORDERO GABRIELLI- BOSCH- PAISIO<\/td>\n<\/tr>\n<tr>\n<td>21\/02\/2017<\/td>\n<td>08:00<\/td>\n<td>F\u00cdSICA 2\u00ba CICLO<\/td>\n<td>CORDERO GABRIELLI- BOSCH- PAISIO<\/td>\n<\/tr>\n<tr>\n<td>21\/02\/2017<\/td>\n<td>08:00<\/td>\n<td>GEOGRAF\u00cdA 1\u00ba CICLO<\/td>\n<td>CAPISANO- MISKOVSKI- GAGNA<\/td>\n<\/tr>\n<tr>\n<td>21\/02\/2017<\/td>\n<td>08:00<\/td>\n<td>HISTORIA 1\u00ba CICLO<\/td>\n<td>CAPISANO- MISKOVSKI- GAGNA<\/td>\n<\/tr>\n<tr>\n<td>21\/02\/2017<\/td>\n<td>10:00<\/td>\n<td>FORMACI\u00d3N CULTURAL<\/td>\n<td>CABRAL- IVULICH-<\/td>\n<\/tr>\n<tr>\n<td>21\/02\/2017<\/td>\n<td>10:00<\/td>\n<td>CIUDADAN\u00cdA Y PARTICIPACI\u00d3N<\/td>\n<td>CABRAL- IVULICH<\/td>\n<\/tr>\n<tr>\n<td><\/td>\n<td><\/td>\n<td><\/td>\n<td><\/td>\n<\/tr>\n<tr>\n<td><\/td>\n<td><\/td>\n<td>MIERCOLES 22\/02\/2017<\/td>\n<td><\/td>\n<\/tr>\n<tr>\n<td>FECHA EX\u00c1MEN<\/td>\n<td>HORARIO<\/td>\n<td>ASIGNATURA<\/td>\n<td>TRIBUNAL<\/td>\n<\/tr>\n<tr>\n<td>22\/02\/2017<\/td>\n<td>08:00<\/td>\n<td>GEOGRAF\u00cdA 2\u00ba CICLO<\/td>\n<td>CAPISANO- MISKOVSKI- ANTUNEZ<\/td>\n<\/tr>\n<tr>\n<td>22\/02\/2017<\/td>\n<td>08:00<\/td>\n<td>HISTORIA 2\u00ba CICLO<\/td>\n<td>CAPISANO- MISKOVSKI- ANTUNEZ<\/td>\n<\/tr>\n<tr>\n<td>22\/02\/2017<\/td>\n<td>08:00<\/td>\n<td>MATEM\u00c1TICA 1\u00ba CICLO<\/td>\n<td>PALACIO- ELGUERO-ROSSO<\/td>\n<\/tr>\n<tr>\n<td><\/td>\n<td><\/td>\n<td><\/td>\n<td><\/td>\n<\/tr>\n<tr>\n<td><\/td>\n<td><\/td>\n<td><\/td>\n<td><\/td>\n<\/tr>\n<tr>\n<td><\/td>\n<td><\/td>\n<td>JUEVES 23\/02\/2017<\/td>\n<td><\/td>\n<\/tr>\n<tr>\n<td>FECHA EXAMEN<\/td>\n<td>HORARIO<\/td>\n<td>ASIGNATURA<\/td>\n<td>TRIBUNAL<\/td>\n<\/tr>\n<tr>\n<td>23\/02\/2017<\/td>\n<td>08:00<\/td>\n<td>QU\u00cdMICA 1\u00ba CICLO<\/td>\n<td>ZINGARETTI- CAMPOS- PUIATTI<\/td>\n<\/tr>\n<tr>\n<td>23\/02\/2017<\/td>\n<td>08:00<\/td>\n<td>MATEM\u00c1TICAS 2\u00ba CICLO<\/td>\n<td>ROSSO&#8211;ELGUERO-PALACIO<\/td>\n<\/tr>\n<tr>\n<td>23\/02\/2017<\/td>\n<td>08:00<\/td>\n<td>LENGUA Y LITERATURA 1\u00ba CICLO<\/td>\n<td>GIACOBONE- ABELLO &#8211; NOVO<\/td>\n<\/tr>\n<tr>\n<td>23\/02\/2017<\/td>\n<td>08:00<\/td>\n<td>PSICOLOG\u00cdA<\/td>\n<td>CABRAL-FREDIANI- BANDINI<\/td>\n<\/tr>\n<tr>\n<td>23\/02\/2017<\/td>\n<td>10:00<\/td>\n<td>FILOSOF\u00cdA<\/td>\n<td>CABRAL-FREDIANI- BANDINI<\/td>\n<\/tr>\n<tr>\n<td>23\/02\/2017<\/td>\n<td>11:00<\/td>\n<td>ANTROPOLOG\u00cdA-SOCIOLOG\u00cdA-<\/td>\n<td>VARELA- BANDINI-ORTIZ<\/td>\n<\/tr>\n<tr>\n<td>23\/02\/2017<\/td>\n<td>11:00<\/td>\n<td>COMUNIC. CULTURA Y SOCIEDAD &#8211; TEATRO<\/td>\n<td>VARELA &#8211; NOVO-RITTNER<\/td>\n<\/tr>\n<tr>\n<td>23\/02\/2017<\/td>\n<td>10:00<\/td>\n<td>EDUCACI\u00d3N ART\u00cdSTCA<\/td>\n<td>VARELA- RITTNER- NOVO<\/td>\n<\/tr>\n<\/tbody>\n<\/table>\n","protected":false},"excerpt":{"rendered":"<p>EX\u00c1MENES COMPLEMENTARIO- PREVIOS-LIBRES EQUIVALENTES LUNES 20 \/02\/2017 FECHA EXAMEN HORARIO ASIGNATURA TRIBUNAL 20\/02\/2017 08:00 LENGUA Y LITERATURA 2\u00ba Ciclo ABELLO-GIACOBONE- MIRALLES 20\/02\/2017 11:00 INGLES 1\u00ba a 6\u00ba ABELLO\u00a0 &#8211; MIRALLES- GIOVANINI 20\/02\/2017 11:00 TECNOLOG\u00cdA RASMUSEN- CAMPOS-PUIATTI 20\/02\/2017 11:00 CIENCIA TECNOLOG\u00cdA Y \u00c9TICA RASMUSEN- CAMPOS-PUIATTI 20\/02\/2017 08:00 F\u00cdSICA 1\u00ba CICLO \u00a0PAISIO -CORDERO GABIELI- PUIATTI 20\/02\/2017 08:00 [&hellip;]<\/p>\n","protected":false},"author":1,"featured_media":1902,"comment_status":"closed","ping_status":"closed","sticky":false,"template":"","format":"standard","meta":{"footnotes":""},"categories":[16,190],"tags":[123,388],"_links":{"self":[{"href":"https:\/\/ldv.edu.ar\/wps\/wp-json\/wp\/v2\/posts\/1932"}],"collection":[{"href":"https:\/\/ldv.edu.ar\/wps\/wp-json\/wp\/v2\/posts"}],"about":[{"href":"https:\/\/ldv.edu.ar\/wps\/wp-json\/wp\/v2\/types\/post"}],"author":[{"embeddable":true,"href":"https:\/\/ldv.edu.ar\/wps\/wp-json\/wp\/v2\/users\/1"}],"replies":[{"embeddable":true,"href":"https:\/\/ldv.edu.ar\/wps\/wp-json\/wp\/v2\/comments?post=1932"}],"version-history":[{"count":1,"href":"https:\/\/ldv.edu.ar\/wps\/wp-json\/wp\/v2\/posts\/1932\/revisions"}],"predecessor-version":[{"id":1933,"href":"https:\/\/ldv.edu.ar\/wps\/wp-json\/wp\/v2\/posts\/1932\/revisions\/1933"}],"wp:featuredmedia":[{"embeddable":true,"href":"https:\/\/ldv.edu.ar\/wps\/wp-json\/wp\/v2\/media\/1902"}],"wp:attachment":[{"href":"https:\/\/ldv.edu.ar\/wps\/wp-json\/wp\/v2\/media?parent=1932"}],"wp:term":[{"taxonomy":"category","embeddable":true,"href":"https:\/\/ldv.edu.ar\/wps\/wp-json\/wp\/v2\/categories?post=1932"},{"taxonomy":"post_tag","embeddable":true,"href":"https:\/\/ldv.edu.ar\/wps\/wp-json\/wp\/v2\/tags?post=1932"}],"curies":[{"name":"wp","href":"https:\/\/api.w.org\/{rel}","templated":true}]}}