{"id":1863,"date":"2016-09-08T20:00:57","date_gmt":"2016-09-08T20:00:57","guid":{"rendered":"https:\/\/ldv.edu.ar\/wps\/?p=1863"},"modified":"2016-09-21T20:05:19","modified_gmt":"2016-09-21T20:05:19","slug":"clase-publica-por-el-dia-del-maestro","status":"publish","type":"post","link":"https:\/\/ldv.edu.ar\/wps\/clase-publica-por-el-dia-del-maestro\/","title":{"rendered":"Clase P\u00fablica por el D\u00eda del Maestro"},"content":{"rendered":"<p>Docentes y estudiantes del Instituto Leonardo Da Vinci realizaron este jueves clases p\u00fablicas en el marco de los festejos por el D\u00eda del Maestro como una forma de revalorizar la educaci\u00f3n y acercar los conocimientos del aula a la sociedad.<\/p>\n<p>Un nutrido grupo de estudiantes, de 4to, 5to y 6to a\u00f1o del nivel secundario, acompa\u00f1ados de los docentes Sandra Ort\u00edz, Dami\u00e1n Ant\u00fanes, Fanny Bandini, Nicolina Cabral y Pablo Olmedo, encabezaron cuatro clases p\u00fablicas con el objetivo de re<span class=\"text_exposed_show\">flexionar sobre \u00abalgunas cuestiones pendientes que tiene la educaci\u00f3n y que tienen estrecha relaci\u00f3n con la sociedad\u00bb, seg\u00fan indic\u00f3 Ana L\u00f3pez, integrante del Instituto Da Vinci.<\/span><\/p>\n<div class=\"text_exposed_show\">\n<p>Las clases, que se dividieron en cuatro temas:\u00bbEntre Fuentealba y Sarmiento. Fue la lucha su vida y su elemento. Una mirada desde el pensamiento cr\u00edtico\u00bb, \u00abEl estudiante como sujeto pol\u00edtico\u00bb, \u00abEscuela, reproducci\u00f3n y emancipaci\u00f3n\u00bb y \u00abEducaci\u00f3n, vocaci\u00f3n y trabajo\u00bb, buscaron trascender el espacio a\u00falico para visibilizar el rol docente y el trabajo de los j\u00f3venes en cuestiones tanto coyunturales como trascendentales de la sociedad y la educaci\u00f3n, entre otros importantes temas.<\/p>\n<p>La intervenci\u00f3n se realiz\u00f3 desde las 11 de este jueves en las cuatro esquinas de la Plaza Central de la ciudad. Adem\u00e1s, los j\u00f3venes realizaron una volanteada invitando a la Feria de las Ciencias y Tecnolog\u00eda que se realizar\u00e1 el pr\u00f3ximo martes 13 y mi\u00e9rcoles 14 en las instalaciones del Viejo Mercado.<\/p>\n<\/div>\n<p><a href=\"https:\/\/www.facebook.com\/pg\/fundacionleonardodavinci\/photos\/?tab=album&amp;album_id=1057926834329004\"><strong>Mir\u00e1 las im\u00e1genes<\/strong><\/a><\/p>\n","protected":false},"excerpt":{"rendered":"<p>Docentes y estudiantes del Instituto Leonardo Da Vinci realizaron este jueves clases p\u00fablicas en el marco de los festejos por el D\u00eda del Maestro como una forma de revalorizar la educaci\u00f3n y acercar los conocimientos del aula a la sociedad. Un nutrido grupo de estudiantes, de 4to, 5to y 6to a\u00f1o del nivel secundario, acompa\u00f1ados [&hellip;]<\/p>\n","protected":false},"author":1,"featured_media":1864,"comment_status":"closed","ping_status":"closed","sticky":false,"template":"","format":"standard","meta":{"footnotes":""},"categories":[16,190],"tags":[380,379,26,9],"_links":{"self":[{"href":"https:\/\/ldv.edu.ar\/wps\/wp-json\/wp\/v2\/posts\/1863"}],"collection":[{"href":"https:\/\/ldv.edu.ar\/wps\/wp-json\/wp\/v2\/posts"}],"about":[{"href":"https:\/\/ldv.edu.ar\/wps\/wp-json\/wp\/v2\/types\/post"}],"author":[{"embeddable":true,"href":"https:\/\/ldv.edu.ar\/wps\/wp-json\/wp\/v2\/users\/1"}],"replies":[{"embeddable":true,"href":"https:\/\/ldv.edu.ar\/wps\/wp-json\/wp\/v2\/comments?post=1863"}],"version-history":[{"count":1,"href":"https:\/\/ldv.edu.ar\/wps\/wp-json\/wp\/v2\/posts\/1863\/revisions"}],"predecessor-version":[{"id":1865,"href":"https:\/\/ldv.edu.ar\/wps\/wp-json\/wp\/v2\/posts\/1863\/revisions\/1865"}],"wp:featuredmedia":[{"embeddable":true,"href":"https:\/\/ldv.edu.ar\/wps\/wp-json\/wp\/v2\/media\/1864"}],"wp:attachment":[{"href":"https:\/\/ldv.edu.ar\/wps\/wp-json\/wp\/v2\/media?parent=1863"}],"wp:term":[{"taxonomy":"category","embeddable":true,"href":"https:\/\/ldv.edu.ar\/wps\/wp-json\/wp\/v2\/categories?post=1863"},{"taxonomy":"post_tag","embeddable":true,"href":"https:\/\/ldv.edu.ar\/wps\/wp-json\/wp\/v2\/tags?post=1863"}],"curies":[{"name":"wp","href":"https:\/\/api.w.org\/{rel}","templated":true}]}}