{"id":1706,"date":"2015-11-13T13:26:44","date_gmt":"2015-11-13T13:26:44","guid":{"rendered":"https:\/\/ldv.edu.ar\/wps\/?p=1706"},"modified":"2016-01-05T20:56:58","modified_gmt":"2016-01-05T20:56:58","slug":"1111-feliz-cumpleanos-rio-cuarto","status":"publish","type":"post","link":"https:\/\/ldv.edu.ar\/wps\/1111-feliz-cumpleanos-rio-cuarto\/","title":{"rendered":"11\/11  \u00a1\u00a1Feliz cumplea\u00f1os R\u00edo Cuarto!!"},"content":{"rendered":"<p><a href=\"https:\/\/ldv.edu.ar\/wps\/wp-content\/uploads\/2015\/11\/plaza-roca.jpg\"><img loading=\"lazy\" decoding=\"async\" class=\"alignright size-medium wp-image-1707\" src=\"https:\/\/ldv.edu.ar\/wps\/wp-content\/uploads\/2015\/11\/plaza-roca-300x171.jpg\" alt=\"plaza-roca\" width=\"300\" height=\"171\" srcset=\"https:\/\/ldv.edu.ar\/wps\/wp-content\/uploads\/2015\/11\/plaza-roca-300x171.jpg 300w, https:\/\/ldv.edu.ar\/wps\/wp-content\/uploads\/2015\/11\/plaza-roca.jpg 642w\" sizes=\"(max-width: 300px) 100vw, 300px\" \/><\/a>En nuestra escuela, pensar la ciudad es una tarea cotidiana. Quienes nos conocen saben de los proyectos vinculados con el reciclaje de residuos, el zootropo, la educaci\u00f3n vial, ideas vinculadas a hacer una R\u00edo Cuarto sustentable y a la vez educadora. Creemos y confiamos en que la configuraci\u00f3n de los espacios puede generar pr\u00e1cticas que nos ayuden a convivir. Tambi\u00e9n pensamos la ciudad desde otros puntos de vista: participamos de la mosaiqueada para embellecer un pared\u00f3n de nuestro Cementerio y una de las paredes de la Biblioteca Popular Sarmiento. Nos vinculamos con instituciones locales y representamos a todos los riocuartenses en la Feria de Ciencias Nacional y otros cert\u00e1menes.<br \/>\nEs por eso que para nosotros, homenajear la ciudad es tarea de todos los d\u00edas, porque gran parte de nuestra misi\u00f3n educadora se dirige hacia la comunidad de la cual formamos parte.<br \/>\nEl 11 de noviembre R\u00edo Cuarto celebra los 229 a\u00f1os transcurridos desde que el Marqu\u00e9s de Sobremonte decide reunir a los vecinos dispersos por los campos en poblaci\u00f3n formal y ordena la formaci\u00f3n de la Villa de la Concepci\u00f3n del R\u00edo Cuarto. Desde entonces, generaci\u00f3n tras generaci\u00f3n vamos aportando a su crecimiento. \u00a1Feliz cumplea\u00f1os, querida ciudad!<\/p>\n","protected":false},"excerpt":{"rendered":"<p>En nuestra escuela, pensar la ciudad es una tarea cotidiana. Quienes nos conocen saben de los proyectos vinculados con el reciclaje de residuos, el zootropo, la educaci\u00f3n vial, ideas vinculadas a hacer una R\u00edo Cuarto sustentable y a la vez educadora. Creemos y confiamos en que la configuraci\u00f3n de los espacios puede generar pr\u00e1cticas que [&hellip;]<\/p>\n","protected":false},"author":4,"featured_media":1707,"comment_status":"closed","ping_status":"closed","sticky":false,"template":"","format":"standard","meta":{"footnotes":""},"categories":[191,1],"tags":[347,7,26,9,155],"_links":{"self":[{"href":"https:\/\/ldv.edu.ar\/wps\/wp-json\/wp\/v2\/posts\/1706"}],"collection":[{"href":"https:\/\/ldv.edu.ar\/wps\/wp-json\/wp\/v2\/posts"}],"about":[{"href":"https:\/\/ldv.edu.ar\/wps\/wp-json\/wp\/v2\/types\/post"}],"author":[{"embeddable":true,"href":"https:\/\/ldv.edu.ar\/wps\/wp-json\/wp\/v2\/users\/4"}],"replies":[{"embeddable":true,"href":"https:\/\/ldv.edu.ar\/wps\/wp-json\/wp\/v2\/comments?post=1706"}],"version-history":[{"count":4,"href":"https:\/\/ldv.edu.ar\/wps\/wp-json\/wp\/v2\/posts\/1706\/revisions"}],"predecessor-version":[{"id":1726,"href":"https:\/\/ldv.edu.ar\/wps\/wp-json\/wp\/v2\/posts\/1706\/revisions\/1726"}],"wp:featuredmedia":[{"embeddable":true,"href":"https:\/\/ldv.edu.ar\/wps\/wp-json\/wp\/v2\/media\/1707"}],"wp:attachment":[{"href":"https:\/\/ldv.edu.ar\/wps\/wp-json\/wp\/v2\/media?parent=1706"}],"wp:term":[{"taxonomy":"category","embeddable":true,"href":"https:\/\/ldv.edu.ar\/wps\/wp-json\/wp\/v2\/categories?post=1706"},{"taxonomy":"post_tag","embeddable":true,"href":"https:\/\/ldv.edu.ar\/wps\/wp-json\/wp\/v2\/tags?post=1706"}],"curies":[{"name":"wp","href":"https:\/\/api.w.org\/{rel}","templated":true}]}}