{"id":1608,"date":"2015-05-18T22:24:31","date_gmt":"2015-05-18T22:24:31","guid":{"rendered":"https:\/\/ldv.edu.ar\/wps\/?p=1608"},"modified":"2015-06-01T23:02:26","modified_gmt":"2015-06-01T23:02:26","slug":"pensar-la-educacion-desde-la-sustentabilidad","status":"publish","type":"post","link":"https:\/\/ldv.edu.ar\/wps\/pensar-la-educacion-desde-la-sustentabilidad\/","title":{"rendered":"La Aventura del Conocimiento &#8211; Mundo Sustentable &#8211;"},"content":{"rendered":"<p>El Departamento de Ciencias de la Educaci\u00f3n de la Facultad de Ciencias Humanas de la UNRC organiz\u00f3 una Jornada de Charla, Debate y Reflexi\u00f3n sobre el libro \u201cLa autorregulaci\u00f3n desde una perspectiva socio-cultural. Sus implicaciones para una educaci\u00f3n del consumo sustentable en ni\u00f1os y adolescentes\u201d.<\/p>\n<p>La propuesta, que estuvo a cargo de la Doctora Martha Leticia Gaeta Gonz\u00e1lez de la Universidad Popular Aut\u00f3noma del Estado de Puebla, M\u00e9xico, consisti\u00f3 en explicar de qu\u00e9 se trat\u00f3 la publicaci\u00f3n. \u201cLa autorregulaci\u00f3n desde una perspectiva socio-cultural\u201d habla de una investigaci\u00f3n profunda y compleja a la vez dentro de la l\u00ednea del aprendizaje autorregulado. \u201cLo m\u00e1s preocupante del fracaso escolar no son los alumnos que suspenden, sino los que aprueban y no aprenden casi nada\u201d, dijo Gaeta Gonz\u00e1lez.<\/p>\n<p>\u201cHay que profundizar el concepto y los procesos de autorregulaci\u00f3n del aprendizaje, sobre todo en las estrategias metacognitivas, as\u00ed como de control de la voluntad -el control motivacional y emocional- con relaci\u00f3n a factores motivacionales como la orientaci\u00f3n personal a metas y la percepci\u00f3n de la estructura de metas del aula, analizando su presencia en los alumnos de Educaci\u00f3n Secundaria Obligatoria\u201d, expres\u00f3.<\/p>\n<p><strong>\u00a0<\/strong><\/p>\n<p><strong>Por Facundo Pr\u00e1mparo<\/strong><\/p>\n","protected":false},"excerpt":{"rendered":"<p>El Departamento de Ciencias de la Educaci\u00f3n de la Facultad de Ciencias Humanas de la UNRC organiz\u00f3 una Jornada de Charla, Debate y Reflexi\u00f3n sobre el libro \u201cLa autorregulaci\u00f3n desde una perspectiva socio-cultural. Sus implicaciones para una educaci\u00f3n del consumo sustentable en ni\u00f1os y adolescentes\u201d. La propuesta, que estuvo a cargo de la Doctora Martha [&hellip;]<\/p>\n","protected":false},"author":1,"featured_media":1609,"comment_status":"closed","ping_status":"closed","sticky":false,"template":"","format":"standard","meta":{"footnotes":""},"categories":[16,252],"tags":[46,42,326,155,327],"_links":{"self":[{"href":"https:\/\/ldv.edu.ar\/wps\/wp-json\/wp\/v2\/posts\/1608"}],"collection":[{"href":"https:\/\/ldv.edu.ar\/wps\/wp-json\/wp\/v2\/posts"}],"about":[{"href":"https:\/\/ldv.edu.ar\/wps\/wp-json\/wp\/v2\/types\/post"}],"author":[{"embeddable":true,"href":"https:\/\/ldv.edu.ar\/wps\/wp-json\/wp\/v2\/users\/1"}],"replies":[{"embeddable":true,"href":"https:\/\/ldv.edu.ar\/wps\/wp-json\/wp\/v2\/comments?post=1608"}],"version-history":[{"count":2,"href":"https:\/\/ldv.edu.ar\/wps\/wp-json\/wp\/v2\/posts\/1608\/revisions"}],"predecessor-version":[{"id":1611,"href":"https:\/\/ldv.edu.ar\/wps\/wp-json\/wp\/v2\/posts\/1608\/revisions\/1611"}],"wp:featuredmedia":[{"embeddable":true,"href":"https:\/\/ldv.edu.ar\/wps\/wp-json\/wp\/v2\/media\/1609"}],"wp:attachment":[{"href":"https:\/\/ldv.edu.ar\/wps\/wp-json\/wp\/v2\/media?parent=1608"}],"wp:term":[{"taxonomy":"category","embeddable":true,"href":"https:\/\/ldv.edu.ar\/wps\/wp-json\/wp\/v2\/categories?post=1608"},{"taxonomy":"post_tag","embeddable":true,"href":"https:\/\/ldv.edu.ar\/wps\/wp-json\/wp\/v2\/tags?post=1608"}],"curies":[{"name":"wp","href":"https:\/\/api.w.org\/{rel}","templated":true}]}}