{"id":1443,"date":"2014-12-22T22:17:43","date_gmt":"2014-12-22T22:17:43","guid":{"rendered":"https:\/\/ldv.edu.ar\/wps\/?p=1443"},"modified":"2015-01-02T23:08:21","modified_gmt":"2015-01-02T23:08:21","slug":"colacion-del-primario-del-da-vinci","status":"publish","type":"post","link":"https:\/\/ldv.edu.ar\/wps\/colacion-del-primario-del-da-vinci\/","title":{"rendered":"Colaci\u00f3n del Primario del Da Vinci"},"content":{"rendered":"<p>El 22 de diciembre fue una fecha especial porque nuestros alumnos de la primaria tuvieron la colaci\u00f3n del a\u00f1o lectivo 2014.<\/p>\n<p>El evento se realiz\u00f3 en el Teatro Municipal donde los ni\u00f1os junto a sus familias disfrutaron de las palabras afectuosas de los directivos y docentes de la Fundaci\u00f3n Leonardo Da Vinci, luego de un a\u00f1o de mucho trabajo y estudio, donde el crecer desde el cuerpo, la mente y el alma fue el objetivo de quienes son parte del cuerpo docente de la instituci\u00f3n.<\/p>\n<p>Gracias a los padres que conf\u00edan en nuestra escuela y a cada uno de los ni\u00f1os que llenan de risas, amor y aprendizajes cada jornada educativa&#8230; Nos vemos en el 2015&#8230;<\/p>\n<p>&nbsp;<\/p>\n<p><a href=\"http:\/\/www.facebook.com\/media\/set\/?set=a.696159827172375.1073741958.202153353239694&amp;type=1\" target=\"_blank\"><strong>Mir\u00e1 todas las im\u00e1genes<\/strong><\/a><\/p>\n","protected":false},"excerpt":{"rendered":"<p>El 22 de diciembre fue una fecha especial porque nuestros alumnos de la primaria tuvieron la colaci\u00f3n del a\u00f1o lectivo 2014. El evento se realiz\u00f3 en el Teatro Municipal donde los ni\u00f1os junto a sus familias disfrutaron de las palabras afectuosas de los directivos y docentes de la Fundaci\u00f3n Leonardo Da Vinci, luego de un [&hellip;]<\/p>\n","protected":false},"author":1,"featured_media":1444,"comment_status":"closed","ping_status":"closed","sticky":false,"template":"","format":"standard","meta":{"footnotes":""},"categories":[16,189],"tags":[140,104,263],"_links":{"self":[{"href":"https:\/\/ldv.edu.ar\/wps\/wp-json\/wp\/v2\/posts\/1443"}],"collection":[{"href":"https:\/\/ldv.edu.ar\/wps\/wp-json\/wp\/v2\/posts"}],"about":[{"href":"https:\/\/ldv.edu.ar\/wps\/wp-json\/wp\/v2\/types\/post"}],"author":[{"embeddable":true,"href":"https:\/\/ldv.edu.ar\/wps\/wp-json\/wp\/v2\/users\/1"}],"replies":[{"embeddable":true,"href":"https:\/\/ldv.edu.ar\/wps\/wp-json\/wp\/v2\/comments?post=1443"}],"version-history":[{"count":1,"href":"https:\/\/ldv.edu.ar\/wps\/wp-json\/wp\/v2\/posts\/1443\/revisions"}],"predecessor-version":[{"id":1445,"href":"https:\/\/ldv.edu.ar\/wps\/wp-json\/wp\/v2\/posts\/1443\/revisions\/1445"}],"wp:featuredmedia":[{"embeddable":true,"href":"https:\/\/ldv.edu.ar\/wps\/wp-json\/wp\/v2\/media\/1444"}],"wp:attachment":[{"href":"https:\/\/ldv.edu.ar\/wps\/wp-json\/wp\/v2\/media?parent=1443"}],"wp:term":[{"taxonomy":"category","embeddable":true,"href":"https:\/\/ldv.edu.ar\/wps\/wp-json\/wp\/v2\/categories?post=1443"},{"taxonomy":"post_tag","embeddable":true,"href":"https:\/\/ldv.edu.ar\/wps\/wp-json\/wp\/v2\/tags?post=1443"}],"curies":[{"name":"wp","href":"https:\/\/api.w.org\/{rel}","templated":true}]}}