{"id":1375,"date":"2014-10-20T02:19:42","date_gmt":"2014-10-20T02:19:42","guid":{"rendered":"https:\/\/ldv.edu.ar\/wps\/?p=1375"},"modified":"2014-11-13T03:03:19","modified_gmt":"2014-11-13T03:03:19","slug":"apertura-del-mes-del-arte","status":"publish","type":"post","link":"https:\/\/ldv.edu.ar\/wps\/apertura-del-mes-del-arte\/","title":{"rendered":"Apertura del Mes del Arte"},"content":{"rendered":"<p>El Mes de las Artes se inaugur\u00f3, para el nivel primario, con el Taller \u00abMirar Ant\u00f3n\u00bb. Se trata de cortos audiovisuales producidos enteramente en la Provincia de C\u00f3rdoba dirigida hacia ni\u00f1os y ni\u00f1as con fines did\u00e1cticos.<\/p>\n<p>Luego de la proyecci\u00f3n de los cortos hubo un an\u00e1lisis filos\u00f3fico a cargo de Susi Ivulich, retomado luego por Joaqu\u00edn V\u00e1zquez. Los ni\u00f1os involucrados en esta actividad fueron los de 1\u00ba, 2\u00ba, 3\u00ba y 4\u00ba. La actividad fue organizada por Manuel Campos, docente del Leonardo Da Vinci y Director del Parque Educativo Cient\u00edfico y Tecnol\u00f3gico Leonardo Da Vinci.<\/p>\n<p>Ant\u00f3n fue ganadora del concurso del INCAA de series de animaci\u00f3n para TV digital para productoras con antecedentes, se trata de una erie de animaci\u00f3n de 4 cap\u00edtulos, de 11 minutos de duraci\u00f3n, con t\u00e9cnica de animaci\u00f3n de Stop Motion con soporte digital. La serie narra la historia de ANTON, un ni\u00f1o de 6 a\u00f1os, quien comienza un fabuloso viaje de aventuras a partir de un inesperado accidente dom\u00e9stico.<\/p>\n<p>M\u00e1s informaci\u00f3n en su fanpage: <a href=\"https:\/\/www.facebook.com\/pages\/Anton-La-Serie\/288479441213319?sk=info\" rel=\"nofollow\">https:\/\/www.facebook.com\/<wbr \/>pages\/Anton-La-Serie\/<wbr \/>288479441213319?sk=info<\/a><br \/>\nY en la web de la Universidad Nacional de C\u00f3rdoba: <a href=\"http:\/\/www.artes.unc.edu.ar\/noticias\/anton-en-la-web\" target=\"_blank\" rel=\"nofollow nofollow\">http:\/\/<wbr \/>www.artes.unc.edu.ar\/<wbr \/>noticias\/anton-en-la-web<\/a><\/p>\n","protected":false},"excerpt":{"rendered":"<p>El Mes de las Artes se inaugur\u00f3, para el nivel primario, con el Taller \u00abMirar Ant\u00f3n\u00bb. Se trata de cortos audiovisuales producidos enteramente en la Provincia de C\u00f3rdoba dirigida hacia ni\u00f1os y ni\u00f1as con fines did\u00e1cticos. Luego de la proyecci\u00f3n de los cortos hubo un an\u00e1lisis filos\u00f3fico a cargo de Susi Ivulich, retomado luego por [&hellip;]<\/p>\n","protected":false},"author":1,"featured_media":1377,"comment_status":"closed","ping_status":"closed","sticky":false,"template":"","format":"standard","meta":{"footnotes":""},"categories":[16,189],"tags":[262,104,119,261,263],"_links":{"self":[{"href":"https:\/\/ldv.edu.ar\/wps\/wp-json\/wp\/v2\/posts\/1375"}],"collection":[{"href":"https:\/\/ldv.edu.ar\/wps\/wp-json\/wp\/v2\/posts"}],"about":[{"href":"https:\/\/ldv.edu.ar\/wps\/wp-json\/wp\/v2\/types\/post"}],"author":[{"embeddable":true,"href":"https:\/\/ldv.edu.ar\/wps\/wp-json\/wp\/v2\/users\/1"}],"replies":[{"embeddable":true,"href":"https:\/\/ldv.edu.ar\/wps\/wp-json\/wp\/v2\/comments?post=1375"}],"version-history":[{"count":1,"href":"https:\/\/ldv.edu.ar\/wps\/wp-json\/wp\/v2\/posts\/1375\/revisions"}],"predecessor-version":[{"id":1376,"href":"https:\/\/ldv.edu.ar\/wps\/wp-json\/wp\/v2\/posts\/1375\/revisions\/1376"}],"wp:featuredmedia":[{"embeddable":true,"href":"https:\/\/ldv.edu.ar\/wps\/wp-json\/wp\/v2\/media\/1377"}],"wp:attachment":[{"href":"https:\/\/ldv.edu.ar\/wps\/wp-json\/wp\/v2\/media?parent=1375"}],"wp:term":[{"taxonomy":"category","embeddable":true,"href":"https:\/\/ldv.edu.ar\/wps\/wp-json\/wp\/v2\/categories?post=1375"},{"taxonomy":"post_tag","embeddable":true,"href":"https:\/\/ldv.edu.ar\/wps\/wp-json\/wp\/v2\/tags?post=1375"}],"curies":[{"name":"wp","href":"https:\/\/api.w.org\/{rel}","templated":true}]}}