{"id":1228,"date":"2014-08-14T01:50:32","date_gmt":"2014-08-14T01:50:32","guid":{"rendered":"https:\/\/ldv.edu.ar\/wps\/?p=1228"},"modified":"2014-08-16T23:44:57","modified_gmt":"2014-08-16T23:44:57","slug":"y-si-hacemos-lo-mismo-aqui","status":"publish","type":"post","link":"https:\/\/ldv.edu.ar\/wps\/y-si-hacemos-lo-mismo-aqui\/","title":{"rendered":"\u00bfY si hacemos lo mismo aqu\u00ed?"},"content":{"rendered":"<p style=\"color: #222222;\"><span style=\"font-weight: inherit; font-style: inherit;\"><strong style=\"font-weight: bold;\"><span style=\"font-weight: inherit; font-style: inherit; color: #000000;\"><a href=\"https:\/\/ldv.edu.ar\/wps\/wp-content\/uploads\/2014\/08\/lectores103-08-14.jpg\"><img loading=\"lazy\" decoding=\"async\" class=\"alignright size-medium wp-image-1229\" src=\"https:\/\/ldv.edu.ar\/wps\/wp-content\/uploads\/2014\/08\/lectores103-08-14-200x300.jpg\" alt=\"lectores103-08-14\" width=\"200\" height=\"300\" srcset=\"https:\/\/ldv.edu.ar\/wps\/wp-content\/uploads\/2014\/08\/lectores103-08-14-200x300.jpg 200w, https:\/\/ldv.edu.ar\/wps\/wp-content\/uploads\/2014\/08\/lectores103-08-14.jpg 420w\" sizes=\"(max-width: 200px) 100vw, 200px\" \/><\/a>El viernes 22 de agosto, a partir de las 18.30, en Villa Mercedes, San Luis, se realizar\u00e1 el<a href=\"http:\/\/www.sanluisnoticia.com.ar\/2013\/index.php\/villa-mercedes\/6079-un-espacio-para-la-promocion-de-la-lectura-preparativos-para-el-2-encuentro-de-lectores-juveniles\" target=\"_blank\"> 2\u00b0 Encuentro de Lectores Juveniles<\/a>, organizado por un grupo de docentes que se identifica como \u00abL@osviej@sdeletras\u00bb.<\/span><\/strong><\/span><\/p>\n<p style=\"color: #222222;\"><span style=\"font-weight: inherit; font-style: inherit; color: #000000;\">Est\u00e1n invitados todos los chicos (y profes) que tengan inquietudes por la lectura y la escritura. (Es decir que podr\u00edamos ir nosotros).<\/span><\/p>\n<p style=\"color: #222222;\"><span style=\"font-weight: inherit; font-style: inherit; color: #000000;\">Lucero G\u00f3mez Cruz, una de las docentes organizadoras, comenta: \u201cLos j\u00f3venes nos han sorprendido porque, al contrario de lo que supon\u00edamos, leen mucho. Quiz\u00e1 no lo que quieren los adultos que lean porque tienen sus propios c\u00e1nones de lectura. Nos encontramos con lectores voraces que pasan de un libro a otro de autores y estilos muy diferentes, pero la literatura es literatura sin etiquetas\u201d.\u00a0<\/span><\/p>\n<p style=\"color: #222222;\">Qu\u00e9 bueno ser\u00eda juntar aqu\u00ed a todos los j\u00f3venes y \u00abviej@s de letras\u00bb y\u00a0replicar la experiencia, que el hecho de comentar libros no quede s\u00f3lo en la biblioteca&#8230;<\/p>\n","protected":false},"excerpt":{"rendered":"<p>El viernes 22 de agosto, a partir de las 18.30, en Villa Mercedes, San Luis, se realizar\u00e1 el 2\u00b0 Encuentro de Lectores Juveniles, organizado por un grupo de docentes que se identifica como \u00abL@osviej@sdeletras\u00bb. Est\u00e1n invitados todos los chicos (y profes) que tengan inquietudes por la lectura y la escritura. (Es decir que podr\u00edamos ir [&hellip;]<\/p>\n","protected":false},"author":4,"featured_media":1229,"comment_status":"closed","ping_status":"closed","sticky":false,"template":"","format":"standard","meta":{"footnotes":""},"categories":[16,191],"tags":[7,102,235,234,199,230,231],"_links":{"self":[{"href":"https:\/\/ldv.edu.ar\/wps\/wp-json\/wp\/v2\/posts\/1228"}],"collection":[{"href":"https:\/\/ldv.edu.ar\/wps\/wp-json\/wp\/v2\/posts"}],"about":[{"href":"https:\/\/ldv.edu.ar\/wps\/wp-json\/wp\/v2\/types\/post"}],"author":[{"embeddable":true,"href":"https:\/\/ldv.edu.ar\/wps\/wp-json\/wp\/v2\/users\/4"}],"replies":[{"embeddable":true,"href":"https:\/\/ldv.edu.ar\/wps\/wp-json\/wp\/v2\/comments?post=1228"}],"version-history":[{"count":4,"href":"https:\/\/ldv.edu.ar\/wps\/wp-json\/wp\/v2\/posts\/1228\/revisions"}],"predecessor-version":[{"id":1239,"href":"https:\/\/ldv.edu.ar\/wps\/wp-json\/wp\/v2\/posts\/1228\/revisions\/1239"}],"wp:featuredmedia":[{"embeddable":true,"href":"https:\/\/ldv.edu.ar\/wps\/wp-json\/wp\/v2\/media\/1229"}],"wp:attachment":[{"href":"https:\/\/ldv.edu.ar\/wps\/wp-json\/wp\/v2\/media?parent=1228"}],"wp:term":[{"taxonomy":"category","embeddable":true,"href":"https:\/\/ldv.edu.ar\/wps\/wp-json\/wp\/v2\/categories?post=1228"},{"taxonomy":"post_tag","embeddable":true,"href":"https:\/\/ldv.edu.ar\/wps\/wp-json\/wp\/v2\/tags?post=1228"}],"curies":[{"name":"wp","href":"https:\/\/api.w.org\/{rel}","templated":true}]}}